{"id":384060,"date":"2025-09-12T00:46:23","date_gmt":"2025-09-12T00:46:23","guid":{"rendered":"https:\/\/www.europesays.com\/fr\/384060\/"},"modified":"2025-09-12T00:46:23","modified_gmt":"2025-09-12T00:46:23","slug":"levenementinstabilite-politique-crise-budgetaire-ma-republique-va-craquer","status":"publish","type":"post","link":"https:\/\/www.europesays.com\/fr\/384060\/","title":{"rendered":"L&rsquo;\u00e9v\u00e9nementInstabilit\u00e9 politique, crise budg\u00e9taire : Ma R\u00e9publique va craquer ?"},"content":{"rendered":"<p>Diffus\u00e9 le 11\/09\/2025 \u00e0 20h51 &#8211; Disponible jusqu&rsquo;au 13\/09\/2026<\/p>\n<p>Alors que les appels \u00e0 bloquer le pays se multiplient, la France connait une instabilit\u00e9 politique in\u00e9dite avec le r\u00e9cent renversement du gouvernement Bayrou. Comment sortir de cette impasse et r\u00e9pondre \u00e0 la fatigue d\u00e9mocratique des Fran\u00e7ais ? Autour de Caroline Roux, des responsables politiques parmi lesquels Jordan Bardella, pr\u00e9sident du Rassemblement national, Carole Delga, pr\u00e9sidente PS de la r\u00e9gion Occitanie, Jean-Luc M\u00e9lenchon, fondateur de La France insoumise, Am\u00e9lie de Montchalin, ministre charg\u00e9e des Comptes publics (Renaissance), Matthieu Pigasse, chef d&rsquo;entreprise, Anne-Charl\u00e8ne Bezzina, constitutionnaliste, Blanche Leridon, directrice \u00e9ditoriale de l&rsquo;Institut Montaigne, J\u00e9r\u00f4me Fourquet, politologue (IFOP) et Sophie Binet, secr\u00e9taire g\u00e9n\u00e9rale de la CGT, apportent leur \u00e9clairage sur cette situation politique.<\/p>\n","protected":false},"excerpt":{"rendered":"Diffus\u00e9 le 11\/09\/2025 \u00e0 20h51 &#8211; Disponible jusqu&rsquo;au 13\/09\/2026 Alors que les appels \u00e0 bloquer le pays se&hellip;\n","protected":false},"author":2,"featured_media":384061,"comment_status":"","ping_status":"","sticky":false,"template":"","format":"standard","meta":{"footnotes":""},"categories":[1356],"tags":[58,59,1011,27,252,1364],"class_list":{"0":"post-384060","1":"post","2":"type-post","3":"status-publish","4":"format-standard","5":"has-post-thumbnail","7":"category-television","8":"tag-divertissement","9":"tag-entertainment","10":"tag-fr","11":"tag-france","12":"tag-television","13":"tag-tv"},"share_on_mastodon":{"url":"https:\/\/pubeurope.com\/@fr\/115188569561592607","error":""},"_links":{"self":[{"href":"https:\/\/www.europesays.com\/fr\/wp-json\/wp\/v2\/posts\/384060","targetHints":{"allow":["GET"]}}],"collection":[{"href":"https:\/\/www.europesays.com\/fr\/wp-json\/wp\/v2\/posts"}],"about":[{"href":"https:\/\/www.europesays.com\/fr\/wp-json\/wp\/v2\/types\/post"}],"author":[{"embeddable":true,"href":"https:\/\/www.europesays.com\/fr\/wp-json\/wp\/v2\/users\/2"}],"replies":[{"embeddable":true,"href":"https:\/\/www.europesays.com\/fr\/wp-json\/wp\/v2\/comments?post=384060"}],"version-history":[{"count":0,"href":"https:\/\/www.europesays.com\/fr\/wp-json\/wp\/v2\/posts\/384060\/revisions"}],"wp:featuredmedia":[{"embeddable":true,"href":"https:\/\/www.europesays.com\/fr\/wp-json\/wp\/v2\/media\/384061"}],"wp:attachment":[{"href":"https:\/\/www.europesays.com\/fr\/wp-json\/wp\/v2\/media?parent=384060"}],"wp:term":[{"taxonomy":"category","embeddable":true,"href":"https:\/\/www.europesays.com\/fr\/wp-json\/wp\/v2\/categories?post=384060"},{"taxonomy":"post_tag","embeddable":true,"href":"https:\/\/www.europesays.com\/fr\/wp-json\/wp\/v2\/tags?post=384060"}],"curies":[{"name":"wp","href":"https:\/\/api.w.org\/{rel}","templated":true}]}}