{"id":384063,"date":"2025-09-12T00:48:31","date_gmt":"2025-09-12T00:48:31","guid":{"rendered":"https:\/\/www.europesays.com\/fr\/384063\/"},"modified":"2025-09-12T00:48:31","modified_gmt":"2025-09-12T00:48:31","slug":"premiers-details-sur-lhistoire-du-film-avec-un-gros-twist-quon-avait-vu-venir","status":"publish","type":"post","link":"https:\/\/www.europesays.com\/fr\/384063\/","title":{"rendered":"premiers d\u00e9tails sur l&rsquo;histoire du film, avec un gros twist (qu&rsquo;on avait vu venir)"},"content":{"rendered":"<p><strong><a href=\"https:\/\/www.ecranlarge.com\/personnalite\/652864-james-gunn-ii\" data-type=\"people\" data-id=\"304984\" rel=\"nofollow noopener\" target=\"_blank\">James Gunn<\/a> a r\u00e9v\u00e9l\u00e9 les premi\u00e8res pi\u00e8ces du puzzle de <a href=\"https:\/\/www.ecranlarge.com\/films\/superman-man-of-tomorrow\" data-type=\"films\" data-id=\"1334972\" rel=\"nofollow noopener\" target=\"_blank\">Superman : Man of Tomorrow<\/a>, et il a promis un gros bouleversement pour Lex Luthor et Kal-El.  <\/strong><\/p>\n<p>Le nouvel homme d\u2019acier du DCU a atterri, non sans friction : malgr\u00e9 <a href=\"https:\/\/www.ecranlarge.com\/films\/news\/superman-streaming-vod-succes-echec-box-office\" data-type=\"link\" data-id=\"https:\/\/www.ecranlarge.com\/films\/news\/superman-streaming-vod-succes-echec-box-office\" rel=\"nofollow noopener\" target=\"_blank\">des chiffres de box-office respectables pour <strong>Superman<\/strong><\/a>, le film n\u2019a pas \u00e9t\u00e9 le raz-de-mar\u00e9e escompt\u00e9, ce qui n\u2019a pas emp\u00each\u00e9 James Gunn et <a href=\"https:\/\/www.ecranlarge.com\/personnalite\/703078-peter-safran\" data-type=\"people\" data-id=\"350491\" rel=\"nofollow noopener\" target=\"_blank\">Peter Safran<\/a> d\u2019appuyer sur le champignon (oui cette expression est toujours l\u00e9gale) pour relancer la machine DC \u00e0 plein r\u00e9gime. La Warner a donn\u00e9 le feu vert pour la suite, et elle s\u2019annonce charg\u00e9e, avec les films <strong>Clayface<\/strong>, <strong>The Brave and the Bold<\/strong>, <strong>The Authority, Swamp Thing, Wonder Woman.<\/strong>.. Sans oublier les s\u00e9ries <strong>Lanterns <\/strong>et <strong>Booster Gold<\/strong>.<\/p>\n<p>                    <img decoding=\"async\" alt=\"\" class=\"wp-image-518375\" style=\"object-fit:cover;width:25px;height:25px\" src=\"https:\/\/www.ecranlarge.com\/content\/uploads\/2023\/09\/arrow-right-circle.svg\"\/><\/p>\n<p>La prochaine \u00e9tape dans l\u2019univers partag\u00e9 est <strong><a href=\"https:\/\/www.ecranlarge.com\/films\/1465788-supergirl-woman-of-tomorrow\" data-type=\"films\" data-id=\"795515\" rel=\"nofollow noopener\" target=\"_blank\">Supergirl Woman of Tomorrow<\/a><\/strong>, pr\u00e9vue pour 2026. Mais ce n\u2019est pas tout : <strong>Superman <\/strong>aura droit \u00e0 sa suite officielle, intitul\u00e9e <a href=\"https:\/\/www.ecranlarge.com\/films\/news\/superman-2-date-sortie-images-gros-indice-scenario\" data-type=\"link\" data-id=\"https:\/\/www.ecranlarge.com\/films\/news\/superman-2-date-sortie-images-gros-indice-scenario\" rel=\"nofollow noopener\" target=\"_blank\"><strong>Man of Tomorrow<\/strong>, que James Gunn a d\u00e9j\u00e0 teas\u00e9e \u00e0 grand renfort d\u2019illustrations<\/a> splendides. Et le cin\u00e9aste ne s\u2019est pas content\u00e9 de teasers visuels, il a d\u00e9j\u00e0 commenc\u00e9 \u00e0 distiller des indices narratifs, histoire de pr\u00e9parer le terrain pour <strong>un gros changement de paradigme pour la dyade Luthor\/Superman. <\/strong><\/p>\n<p>Superman \/ Luthor : BFF<\/p>\n<p>Interview\u00e9 par le tr\u00e8s controvers\u00e9 Howard Stern pour son \u00e9mission de radio, James Gunn a annonc\u00e9 que <strong>Superman : Man of Tomorrow<\/strong> verrait Superman et Lex Luthor s\u2019allier pour devoir contrer un ennemi commun. <\/p>\n<blockquote class=\"wp-block-quote is-layout-flow wp-block-quote-is-layout-flow\">\n<p><strong>\u00ab C\u2019est l\u2019histoire de Lex Luthor et Superman qui doivent collaborer dans une certaine mesure pour faire face \u00e0 une menace bien plus grande. C\u2019est plus compliqu\u00e9 que \u00e7a, mais c\u2019est en grande partie ce dont il s\u2019agit. <\/strong><\/p>\n<p><strong>C\u2019est autant un film sur Lex qu\u2019un film sur Superman. J\u2019ai ador\u00e9 travailler avec Nicholas Hoult. Je m\u2019identifie malheureusement au personnage de Lex. Je voulais vraiment cr\u00e9er quelque chose d\u2019extraordinaire avec eux deux. J\u2019adore le sc\u00e9nario. \u00bb<\/strong><\/p>\n<\/blockquote>\n<p><a href=\"https:\/\/www.ecranlarge.com\/content\/uploads\/2025\/09\/superman-teaser-trailer-angry-lex-luthor-nicholas-hoult.jpg\" rel=\"nofollow noopener\" target=\"_blank\"><\/p>\n<p><img loading=\"lazy\" decoding=\"async\" alt=\"\" src=\"https:\/\/www.europesays.com\/fr\/wp-content\/uploads\/2025\/09\/superman-teaser-trailer-angry-lex-luthor-nicholas-hoult-1260x630.jpg\" width=\"1260\" height=\"630\"  \/><\/p>\n<p><\/a>Pourquoi est-il aussi m\u00e9chant ?<\/p>\n<p>Cette alliance est loin d\u2019\u00eatre in\u00e9dite dans l\u2019univers DC Comics. Parmi les pr\u00e9c\u00e9dents qui pourraient directement nourrir l\u2019imaginaire de James Gunn pour <strong>Man of Tomorrow<\/strong>, l\u2019exemple le plus \u00e9vident reste l\u2019arc <strong>Forever Evil<\/strong> (2013-2014). La Justice League y est neutralis\u00e9e par le Syndicat du Crime et c\u2019est Lex Luthor qui prend l\u2019initiative de former une coalition improbable pour sauver la plan\u00e8te.<\/p>\n<p>Superman se retrouve momentan\u00e9ment dans son camp, contraint d\u2019admettre que son pire ennemi est parfois le seul assez pragmatique (ou cynique) pour faire plier des dieux du mal. On est pile dans ce que Gunn tease : une collaboration forc\u00e9e, inconfortable, mais terriblement efficace dramatiquement.<\/p>\n<p>                    <img decoding=\"async\" alt=\"\" class=\"wp-image-518375\" style=\"object-fit:cover;width:25px;height:25px\" src=\"https:\/\/www.ecranlarge.com\/content\/uploads\/2023\/09\/arrow-right-circle.svg\"\/><\/p>\n<p>Autre influence possible : <strong>la s\u00e9rie anim\u00e9e Justice League<\/strong>, qui a d\u00e9j\u00e0 mis en sc\u00e8ne plusieurs tr\u00eaves entre Luthor et Superman, notamment face \u00e0 Darkseid. Dans ces arcs, Lex ne devient jamais un h\u00e9ros, mais il est suffisamment intelligent pour comprendre qu\u2019une apocalypse cosmique ne lui laisserait rien \u00e0 dominer. <\/p>\n<p><img loading=\"lazy\" decoding=\"async\" width=\"1200\" height=\"500\" alt=\"\" class=\"wp-image-1336436\" src=\"https:\/\/www.europesays.com\/fr\/wp-content\/uploads\/2025\/09\/lex-luthor-superman-teamup6.jpg\"  \/>Monsieur Propre r\u00e9uni avec la meilleure pub pour Basic Fit<\/p>\n<p>La \u00ab\u00a0menace plus grande\u00a0\u00bb \u00e9voqu\u00e9e par James Gunn <strong>a de fortes chances de r\u00e9pondre au doux nom de Brainiac.<\/strong> Cit\u00e9 depuis des ann\u00e9es comme l\u2019ennemi ultime que les adaptations live n\u2019ont jamais os\u00e9 traiter s\u00e9rieusement, le super-ordinateur extraterrestre obs\u00e9d\u00e9 par la collecte et la miniaturisation de civilisations enti\u00e8res coche toutes les cases : ampleur cosmique, esth\u00e9tique imm\u00e9diatement identifiable, et un enjeu qui force Superman et Luthor \u00e0 collaborer, car l\u2019un incarne la survie de l\u2019humanit\u00e9, l\u2019autre la ma\u00eetrise de la technologie.<\/p>\n<p>Gunn pourrait aussi opter pour un autre big boss DC, comme Darkseid, mais apr\u00e8s l\u2019\u00e9chec du Snyderverse, Brainiac appara\u00eet comme le candidat le plus cr\u00e9dible, autant pour la symbolique que pour le potentiel visuel (un cyborg sadique et obsessionnel vert, violet et rose, du pain b\u00e9ni pour James Gunn). Et rappelons qu\u2019on avait d\u00e9j\u00e0 rep\u00e9r\u00e9 <a href=\"https:\/\/www.ecranlarge.com\/films\/news\/superman-bande-annonce-baby-brainiac-pire-ennemi\" data-type=\"link\" data-id=\"https:\/\/www.ecranlarge.com\/films\/news\/superman-bande-annonce-baby-brainiac-pire-ennemi\" rel=\"nofollow noopener\" target=\"_blank\">un teasing de Brainiac dans le film <strong>Superman<\/strong><\/a>. <\/p>\n<p><strong>Superman : Man of Tomorrow\u00a0arrivera dans les salles de cin\u00e9ma fran\u00e7aises le 7 juillet 2027.<\/strong><\/p>\n","protected":false},"excerpt":{"rendered":"James Gunn a r\u00e9v\u00e9l\u00e9 les premi\u00e8res pi\u00e8ces du puzzle de Superman : Man of Tomorrow, et il a&hellip;\n","protected":false},"author":2,"featured_media":384064,"comment_status":"","ping_status":"","sticky":false,"template":"","format":"standard","meta":{"footnotes":""},"categories":[1354],"tags":[58,59,1346,1011,27,1360],"class_list":{"0":"post-384063","1":"post","2":"type-post","3":"status-publish","4":"format-standard","5":"has-post-thumbnail","7":"category-films","8":"tag-divertissement","9":"tag-entertainment","10":"tag-films","11":"tag-fr","12":"tag-france","13":"tag-movies"},"share_on_mastodon":{"url":"https:\/\/pubeurope.com\/@fr\/115188578234127422","error":""},"_links":{"self":[{"href":"https:\/\/www.europesays.com\/fr\/wp-json\/wp\/v2\/posts\/384063","targetHints":{"allow":["GET"]}}],"collection":[{"href":"https:\/\/www.europesays.com\/fr\/wp-json\/wp\/v2\/posts"}],"about":[{"href":"https:\/\/www.europesays.com\/fr\/wp-json\/wp\/v2\/types\/post"}],"author":[{"embeddable":true,"href":"https:\/\/www.europesays.com\/fr\/wp-json\/wp\/v2\/users\/2"}],"replies":[{"embeddable":true,"href":"https:\/\/www.europesays.com\/fr\/wp-json\/wp\/v2\/comments?post=384063"}],"version-history":[{"count":0,"href":"https:\/\/www.europesays.com\/fr\/wp-json\/wp\/v2\/posts\/384063\/revisions"}],"wp:featuredmedia":[{"embeddable":true,"href":"https:\/\/www.europesays.com\/fr\/wp-json\/wp\/v2\/media\/384064"}],"wp:attachment":[{"href":"https:\/\/www.europesays.com\/fr\/wp-json\/wp\/v2\/media?parent=384063"}],"wp:term":[{"taxonomy":"category","embeddable":true,"href":"https:\/\/www.europesays.com\/fr\/wp-json\/wp\/v2\/categories?post=384063"},{"taxonomy":"post_tag","embeddable":true,"href":"https:\/\/www.europesays.com\/fr\/wp-json\/wp\/v2\/tags?post=384063"}],"curies":[{"name":"wp","href":"https:\/\/api.w.org\/{rel}","templated":true}]}}