{"id":384067,"date":"2025-09-12T00:50:28","date_gmt":"2025-09-12T00:50:28","guid":{"rendered":"https:\/\/www.europesays.com\/fr\/384067\/"},"modified":"2025-09-12T00:50:28","modified_gmt":"2025-09-12T00:50:28","slug":"n2-avranches-fait-tomber-angouleme-pour-la-premiere-fois-cette-saison","status":"publish","type":"post","link":"https:\/\/www.europesays.com\/fr\/384067\/","title":{"rendered":"N2 : Avranches fait tomber Angoul\u00eame pour la premi\u00e8re fois cette saison"},"content":{"rendered":"<p>\n    11\/09 &#8211; 20:58 | Par la r\u00e9daction | Il y a<br \/>\n    6 heures\n  <\/p>\n<p><strong>Ce soir dans la poule des Girondins, le leader Angoul\u00eame Charente FC a \u00e9t\u00e9 d\u00e9fait sur son terrain par l&rsquo;US Avranches (1-2). C&rsquo;est la premi\u00e8re d\u00e9faite de la saison du club charentais. Avranches recolle \u00e0 la t\u00eate du classement.<\/strong><\/p>\n<p><img decoding=\"async\" src=\"https:\/\/www.europesays.com\/fr\/wp-content\/uploads\/2025\/08\/671_2e65f97b36ab2a2bbab468868fd424f6.jpg\" alt=\"N2 : Avranches fait tomber Angoul\u00eame pour la premi\u00e8re fois cette saison\" class=\"img-responsive mt-3\"\/><\/p>\n<p class=\"text-center mb-3\" style=\"font-size: 14px\">\u00a9 Iconsport<\/p>\n<p style=\"text-align: justify;\">R\u00e9sultat :<\/p>\n<ul>\n<li style=\"text-align: justify;\">Angoul\u00eame Charente FC <strong>1-2<\/strong> US Avranches<\/li>\n<\/ul>\n<p>Les matchs de vendredi :<\/p>\n<ul>\n<li>Vend\u00e9e Foot Club RY &#8211; Aviron Bayonnais \u00e0 19h<\/li>\n<li>Stade Poitevin FC &#8211; Les Herbiers \u00e0 20h<\/li>\n<\/ul>\n<p style=\"text-align: justify;\">Les matchs de samedi \u00e0 18h :<\/p>\n<p style=\"text-align: justify;\">&gt;&gt; <strong><a href=\"https:\/\/www.webgirondins.com\/classement-girondins-national-2\" target=\"_blank\" rel=\"noopener nofollow\">Voir le classement de National 2<\/a><\/strong><\/p>\n<p style=\"text-align: justify;\">\u00a0<\/p>\n<p style=\"text-align: justify;\">\u00c0 lire &gt;&gt; <strong><a href=\"https:\/\/www.webgirondins.com\/actualite-girondins-girondins-ces-deux-joueurs-qui-depassent-le-salary-cap-de-5000-130378\" target=\"_blank\" rel=\"noopener nofollow\">Ces deux joueurs qui d\u00e9passent le salary cap de 5000\u20ac<\/a><\/strong><\/p>\n<p>Notre podcast court :<\/p>\n<p>\u00a0<\/p>\n<p>  COMMENTAIRES<br \/>\n  ()<\/p>\n","protected":false},"excerpt":{"rendered":"11\/09 &#8211; 20:58 | Par la r\u00e9daction | Il y a 6 heures Ce soir dans la poule&hellip;\n","protected":false},"author":2,"featured_media":311389,"comment_status":"","ping_status":"","sticky":false,"template":"","format":"standard","meta":{"footnotes":""},"categories":[9],"tags":[13152,17295,3477,51680,7478,5244,1446,51679,8484,21,3395,1011,27,1987,6079,4789,471,3051,3242,3467,60,3945,470],"class_list":{"0":"post-384067","1":"post","2":"type-post","3":"status-publish","4":"format-standard","5":"has-post-thumbnail","7":"category-sports","8":"tag-angouleme","9":"tag-avranches","10":"tag-cette","11":"tag-charentais","12":"tag-charente","13":"tag-club","14":"tag-dans","15":"tag-defait","16":"tag-defaite","17":"tag-fait","18":"tag-fois","19":"tag-fr","20":"tag-france","21":"tag-girondins","22":"tag-leader","23":"tag-poule","24":"tag-pour","25":"tag-premiere","26":"tag-saison","27":"tag-soir","28":"tag-sports","29":"tag-terrain","30":"tag-tomber"},"share_on_mastodon":{"url":"https:\/\/pubeurope.com\/@fr\/115188585344391153","error":""},"_links":{"self":[{"href":"https:\/\/www.europesays.com\/fr\/wp-json\/wp\/v2\/posts\/384067","targetHints":{"allow":["GET"]}}],"collection":[{"href":"https:\/\/www.europesays.com\/fr\/wp-json\/wp\/v2\/posts"}],"about":[{"href":"https:\/\/www.europesays.com\/fr\/wp-json\/wp\/v2\/types\/post"}],"author":[{"embeddable":true,"href":"https:\/\/www.europesays.com\/fr\/wp-json\/wp\/v2\/users\/2"}],"replies":[{"embeddable":true,"href":"https:\/\/www.europesays.com\/fr\/wp-json\/wp\/v2\/comments?post=384067"}],"version-history":[{"count":0,"href":"https:\/\/www.europesays.com\/fr\/wp-json\/wp\/v2\/posts\/384067\/revisions"}],"wp:featuredmedia":[{"embeddable":true,"href":"https:\/\/www.europesays.com\/fr\/wp-json\/wp\/v2\/media\/311389"}],"wp:attachment":[{"href":"https:\/\/www.europesays.com\/fr\/wp-json\/wp\/v2\/media?parent=384067"}],"wp:term":[{"taxonomy":"category","embeddable":true,"href":"https:\/\/www.europesays.com\/fr\/wp-json\/wp\/v2\/categories?post=384067"},{"taxonomy":"post_tag","embeddable":true,"href":"https:\/\/www.europesays.com\/fr\/wp-json\/wp\/v2\/tags?post=384067"}],"curies":[{"name":"wp","href":"https:\/\/api.w.org\/{rel}","templated":true}]}}