{"id":384068,"date":"2025-09-12T00:51:15","date_gmt":"2025-09-12T00:51:15","guid":{"rendered":"https:\/\/www.europesays.com\/fr\/384068\/"},"modified":"2025-09-12T00:51:15","modified_gmt":"2025-09-12T00:51:15","slug":"natalie-portman-vient-voir-un-film-incognito-dans-un-cinema-de-seine-saint-denis-une-surprise-lattend","status":"publish","type":"post","link":"https:\/\/www.europesays.com\/fr\/384068\/","title":{"rendered":"Natalie Portman vient voir un film incognito dans un cin\u00e9ma de Seine-Saint-Denis, une surprise l&rsquo;attend"},"content":{"rendered":"<p>            Par<br \/>\n        <strong><br \/>\n            <a href=\"https:\/\/actu.fr\/auteur\/redaction-seinesaintdenis\" title=\"Consulter tous les articles de R\u00e9daction Seine-Saint-Denis\" rel=\"nofollow noopener\" target=\"_blank\">R\u00e9daction Seine-Saint-Denis<\/a><br \/>\n        <\/strong><\/p>\n<p>        Publi\u00e9 le<\/p>\n<p>            11 sept. 2025 \u00e0 17h37        <\/p>\n<p>Une surprise peut en cacher une autre. Mercredi 10\u00a0septembre 2025, au <a href=\"https:\/\/actu.fr\/ile-de-france\/montreuil_93048\/venez-comme-vous-etes-a-montreuil-des-seances-de-cinema-adaptees-aux-personnes-en-situation-de-handicap_61870466.html\" rel=\"nofollow noopener\" target=\"_blank\">cin\u00e9ma Le M\u00e9li\u00e8s<\/a>, \u00e0 <a href=\"https:\/\/actu.fr\/ile-de-france\/montreuil_93048\" rel=\"nofollow noopener\" target=\"_blank\">Montreuil<\/a>, une projection du<a href=\"https:\/\/actu.fr\/cinema\/sorties-films\/cinema-oliver-laxe-sidere-avec-le-splendide-sirat-notre-coup-de-coeur-de-la-semaine_63110874.html\" rel=\"nofollow noopener\" target=\"_blank\"> film Sirat <\/a>(Prix du jury \u00e0 Cannes en 2025) \u00e9tait organis\u00e9e en pr\u00e9sence du r\u00e9alisateur, Olivier Laxe, et de l\u2019acteur Sergi Lopez. Parmi les spectateurs, un visage et un sourire ont attir\u00e9 l\u2019attention, ceux de la star am\u00e9ricaine Natalie Portman. Rien que \u00e7a.<\/p>\n<p>\u00ab\u00a0\u00c7a en dit long sur elle sur sa simplicit\u00e9\u00a0\u00bb<\/p>\n<p class=\" wall-content\">Les cheveux l\u00e2ch\u00e9s, visiblement sans maquillage et comme cach\u00e9e dans un pull rose \u00e0 col roul\u00e9 quelque peu \u00e9lim\u00e9, l\u2019<a href=\"https:\/\/actu.fr\/normandie\/deauville_14220\/deauville-isabelle-adjani-un-sublime-hommage-a-natalie-portman-pour-clore-le-festival-du-ci_61608099.html\" rel=\"nofollow noopener\" target=\"_blank\">actrice oscaris\u00e9e<\/a> et r\u00e9alisatrice a \u00e9t\u00e9 prise en photo, montrant son billet. En le retournant, elle aurait \u00e9clat\u00e9 de rire, relate le compte Facebook du cin\u00e9ma, car ce n\u2019\u00e9tait autre que l\u2019affiche du film Leon qui s\u2019y trouvait. Et, s\u2019il convient de le rappeler, c\u2019est ce long m\u00e9trage culte de Luc Besson (1994) qui a lanc\u00e9 la carri\u00e8re de l\u2019actrice. Elle avait 12\u00a0ans au moment du tournage.<\/p>\n<p>    <a href=\"https:\/\/www.facebook.com\/plugins\/post.php?href=https%3A%2F%2Fwww.facebook.com%2FCinemaLeMeliesMontreuil%2Fposts%2Fpfbid0wpQcmGbvkco81aZvNx3ksxXPn6dCA1iff6ahcNiJzqtcBais6Lwz7jrX7KuR4PhUl&amp;show_text=true&amp;width=350\" title=\"Ouvrie le lien\" rel=\"nofollow noopener\" target=\"_blank\">Cliquez ici pour visualiser le contenu<\/a><\/p>\n<p class=\" wall-content\">Aujourd\u2019hui \u00e2g\u00e9e de 44\u00a0ans, la star am\u00e9ricaine et cin\u00e9phile vit depuis une bonne dizaine d\u2019ann\u00e9es en France, \u00e0 Paris, et ce, malgr\u00e9 la s\u00e9paration d\u2019avec le chor\u00e9graphe Benjamin Millepied, le p\u00e8re de ses <a href=\"https:\/\/actu.fr\/monde\/natalie-portman-accouche-dune-petite-fille-amalia_241917.html\" rel=\"nofollow noopener\" target=\"_blank\">deux enfants<\/a>.<\/p>\n<p class=\" wall-content\">Elle est r\u00e9guli\u00e8rement aper\u00e7ue \u00e0 de grands \u00e9v\u00e9nements donn\u00e9s dans la capitale, comme tout r\u00e9cemment (mardi soir) au <a href=\"https:\/\/actu.fr\/tag\/parc-des-princes\" rel=\"nofollow noopener\" target=\"_blank\">Parc des Princes<\/a> pour France-Islande, ou sur les plateaux t\u00e9l\u00e9 fran\u00e7ais.<\/p>\n<p class=\" wall-content\">En mai, elle \u00e9tait l\u2019invit\u00e9e de \u00ab\u00a0C \u00e0 Vous\u00a0\u00bb pour faire la promotion de son dernier film, Foutain of Youth (Guy Ritchie). Elle y avait d\u2019ailleurs salu\u00e9 la gentillesse des Parisiens\u2009: \u201cTous les enfants qui viennent chez moi me disent \u2018bonjour Madame\u2019et me font la bise, disait-elle. Et avant de partir, ils me disent \u2018merci de m\u2019avoir accueilli\u2019. Si je ne suis pas l\u00e0, ils viennent me trouver pour me le dire.\u00a0\u00bb<\/p>\n<p class=\" wall-content\">Sa venue en Seine-Saint-Denis a \u00e9t\u00e9 appr\u00e9ci\u00e9e. \u00ab\u2009C\u2019est cool qu\u2019elle puisse y aller incognito. De surcro\u00eet, dans un cin\u00e9 de banlieue. \u00c7a en dit long sur elle sur sa simplicit\u00e9\u2009\u00bb, peut-on lire dans les commentaires de la publication du M\u00e9li\u00e8s, cin\u00e9ma qui est lui aussi grandement appr\u00e9ci\u00e9. On peut en effet aussi lire\u2009: \u00ab\u2009Inattendu que Nathalie Portman vienne voir un film \u00e0 Montreuil\u2026 mais Le M\u00e9li\u00e8s est \u00e0 part\u2009\u00bb ou \u00ab\u2009Y a du beau monde \u00e0 Montreuil\u2009!\u2009\u00bb<\/p>\n<p class=\" wall-content\">Personnalisez votre actualit\u00e9 en ajoutant vos villes et m\u00e9dias en favori avec <a href=\"https:\/\/moncompte.actu.fr\" title=\"D\u00e9couvez Mon Actu\" rel=\"nofollow noopener\" data-trk=\"{&quot;cta&quot;:{&quot;action&quot;:&quot;https:\\\/\\\/moncompte.actu.fr&quot;,&quot;category&quot;:&quot;mon compte&quot;,&quot;from&quot;:&quot;article footer&quot;,&quot;name&quot;:&quot;Mon actu&quot;,&quot;type&quot;:&quot;cta&quot;}}\" target=\"_blank\">Mon Actu<\/a>.<\/p>\n","protected":false},"excerpt":{"rendered":"Par R\u00e9daction Seine-Saint-Denis Publi\u00e9 le 11 sept. 2025 \u00e0 17h37 Une surprise peut en cacher une autre. Mercredi&hellip;\n","protected":false},"author":2,"featured_media":384069,"comment_status":"","ping_status":"","sticky":false,"template":"","format":"standard","meta":{"footnotes":""},"categories":[8],"tags":[650,58,59,1011,27,1757,973],"class_list":{"0":"post-384068","1":"post","2":"type-post","3":"status-publish","4":"format-standard","5":"has-post-thumbnail","7":"category-divertissement","8":"tag-cinema","9":"tag-divertissement","10":"tag-entertainment","11":"tag-fr","12":"tag-france","13":"tag-insolite","14":"tag-people"},"share_on_mastodon":{"url":"https:\/\/pubeurope.com\/@fr\/115188589458278130","error":""},"_links":{"self":[{"href":"https:\/\/www.europesays.com\/fr\/wp-json\/wp\/v2\/posts\/384068","targetHints":{"allow":["GET"]}}],"collection":[{"href":"https:\/\/www.europesays.com\/fr\/wp-json\/wp\/v2\/posts"}],"about":[{"href":"https:\/\/www.europesays.com\/fr\/wp-json\/wp\/v2\/types\/post"}],"author":[{"embeddable":true,"href":"https:\/\/www.europesays.com\/fr\/wp-json\/wp\/v2\/users\/2"}],"replies":[{"embeddable":true,"href":"https:\/\/www.europesays.com\/fr\/wp-json\/wp\/v2\/comments?post=384068"}],"version-history":[{"count":0,"href":"https:\/\/www.europesays.com\/fr\/wp-json\/wp\/v2\/posts\/384068\/revisions"}],"wp:featuredmedia":[{"embeddable":true,"href":"https:\/\/www.europesays.com\/fr\/wp-json\/wp\/v2\/media\/384069"}],"wp:attachment":[{"href":"https:\/\/www.europesays.com\/fr\/wp-json\/wp\/v2\/media?parent=384068"}],"wp:term":[{"taxonomy":"category","embeddable":true,"href":"https:\/\/www.europesays.com\/fr\/wp-json\/wp\/v2\/categories?post=384068"},{"taxonomy":"post_tag","embeddable":true,"href":"https:\/\/www.europesays.com\/fr\/wp-json\/wp\/v2\/tags?post=384068"}],"curies":[{"name":"wp","href":"https:\/\/api.w.org\/{rel}","templated":true}]}}