{"id":384070,"date":"2025-09-12T00:52:34","date_gmt":"2025-09-12T00:52:34","guid":{"rendered":"https:\/\/www.europesays.com\/fr\/384070\/"},"modified":"2025-09-12T00:52:34","modified_gmt":"2025-09-12T00:52:34","slug":"voici-les-meilleurs-bons-plans-du-jeudi-11-septembre","status":"publish","type":"post","link":"https:\/\/www.europesays.com\/fr\/384070\/","title":{"rendered":"voici les meilleurs bons plans du jeudi 11 septembre"},"content":{"rendered":"<p>Le jeudi 11 septembre 2025 r\u00e9serve une pluie de <strong>promotions sur les produits tech<\/strong> les plus convoit\u00e9s. Voici votre r\u00e9sum\u00e9 des meilleures offres de la journ\u00e9e.  <\/p>\n<p><a target=\"_blank\" href=\"https:\/\/images.frandroid.com\/wp-content\/uploads\/2025\/09\/recap-du-jour-4-1.jpg\" class=\"article-content__figure\" rel=\"nofollow noopener\"><img fetchpriority=\"high\" decoding=\"async\" loading=\"eager\" width=\"1200\" height=\"675\" src=\"https:\/\/www.europesays.com\/fr\/wp-content\/uploads\/2025\/09\/recap-du-jour-4-1.jpg\" alt=\"\" class=\"wp-image-2792937 wp-image wp-image\"  \/><\/a><\/p>\n<p>MacBook Air avec puce M4 et 1 To \u00e0 prix cass\u00e9, ultrabook OLED ultra performant en promo \u00e0 500 euros, smartphones Xiaomi et Samsung en promo d\u00e8s 94 \u20ac, et m\u00eame un laptop gaming MSI haut de gamme avec RTX 5070 \u00e0 prix choc. Voici notre s\u00e9lection des <strong>meilleurs bons plans du jour<\/strong> \u00e0 ne pas rater.<\/p>\n<p><a href=\"https:\/\/images.frandroid.com\/wp-content\/uploads\/2025\/04\/apple-macbook-air-m4-13-design-3.jpeg\" target=\"_blank\" class=\"article-content__figure\" rel=\"nofollow noopener\"><img loading=\"lazy\" decoding=\"async\" width=\"1200\" height=\"802\" src=\"https:\/\/www.europesays.com\/fr\/wp-content\/uploads\/2025\/09\/apple-macbook-air-m4-13-design-3-1200x802.jpeg\" alt=\"\" class=\"wp-image-2587055 wp-image\"  \/><\/a>Source : Chlo\u00e9 Pertuis pour Frandroid<\/p>\n<p>\ud83d\udc49 <a href=\"https:\/\/shop.frandroid.com\/mcoqdt6b\" target=\"_blank\" rel=\"nofollow sponsored affiliate noopener\">Voir l\u2019offre MacBook Air M4 1 To \u00e0 1 299 \u20ac chez la Fnac (\u2212400 \u20ac)<\/a><br \/>\ud83d\udc49 <a href=\"https:\/\/shop.frandroid.com\/cuwiqzlc\" target=\"_blank\" rel=\"nofollow sponsored affiliate noopener\">Voir l\u2019offre MacBook Air M4 1 To \u00e0 1 299 \u20ac chez Darty (\u2212400 \u20ac)<\/a><\/p>\n<p>Le <strong>MacBook Air 13 pouces \u00e9quip\u00e9 de la puce Apple M4<\/strong> et de 1 To de stockage SSD b\u00e9n\u00e9ficie d\u2019une <strong>r\u00e9duction exceptionnelle de 400 \u20ac<\/strong>. Il est actuellement propos\u00e9 \u00e0 <strong>1 299 \u20ac au lieu de 1 699 \u20ac<\/strong> chez <a href=\"https:\/\/shop.frandroid.com\/mcoqdt6b\" target=\"_blank\" rel=\"nofollow sponsored affiliate noopener\">la Fnac<\/a> et <a href=\"https:\/\/shop.frandroid.com\/cuwiqzlc\" target=\"_blank\" rel=\"nofollow sponsored affiliate noopener\">Darty<\/a>. Ce mod\u00e8le haut de gamme offre fluidit\u00e9, autonomie de 18 h et silence total gr\u00e2ce \u00e0 l\u2019absence de ventilation.<\/p>\n<p>Pour les budgets plus serr\u00e9s, <a href=\"https:\/\/shop.frandroid.com\/lvg90d4v\" target=\"_blank\" rel=\"nofollow sponsored affiliate noopener\">une variante 256 Go est affich\u00e9e sous les 950 \u20ac chez Amazon<\/a>, une aubaine pour go\u00fbter \u00e0 la puissance de la puce M4.<\/p>\n<p><a href=\"https:\/\/images.frandroid.com\/wp-content\/uploads\/2025\/08\/xiaomi-redmi-15c-2.jpg\" target=\"_blank\" class=\"article-content__figure\" rel=\"nofollow noopener\"><img loading=\"lazy\" decoding=\"async\" width=\"1200\" height=\"675\" src=\"https:\/\/www.europesays.com\/fr\/wp-content\/uploads\/2025\/09\/xiaomi-redmi-15c-2-1200x675.jpg\" alt=\"\" class=\"wp-image-2792307 wp-image\"  \/><\/a>Xiaomi Redmi 15C \/\/ Source : mi.com<\/p>\n<p>\ud83d\udc49 <a href=\"https:\/\/shop.frandroid.com\/bbb66grr\" target=\"_blank\" rel=\"nofollow sponsored affiliate noopener\">Voir l\u2019offre Xiaomi Redmi 15C 256 Go \u00e0 159,90 \u20ac chez E.Leclerc<\/a><\/p>\n<p>\u00c0 peine arriv\u00e9 sur le march\u00e9, le <strong>Xiaomi Redmi 15C<\/strong> dans sa version 256 Go voit son prix r\u00e9duit de 20 \u20ac, passant de 179,90 \u20ac \u00e0 seulement 159,90 \u20ac chez <a href=\"https:\/\/shop.frandroid.com\/bbb66grr\" target=\"_blank\" rel=\"nofollow sponsored affiliate noopener\">E.Leclerc<\/a>. Il int\u00e8gre <strong>une batterie XXL de 6 000 mAh<\/strong>, un \u00e9cran 6,9\u2033 HD+ 120 Hz et m\u00eame des accessoires offerts (coque + verre tremp\u00e9). Une excellente offre entr\u00e9e de gamme \u00e0 ce niveau de prestations. <\/p>\n<p><a href=\"https:\/\/images.frandroid.com\/wp-content\/uploads\/2025\/07\/acer-aspire-14-ai-test-01.jpg\" target=\"_blank\" class=\"article-content__figure\" rel=\"nofollow noopener\"><img loading=\"lazy\" decoding=\"async\" width=\"1200\" height=\"675\" src=\"https:\/\/www.europesays.com\/fr\/wp-content\/uploads\/2025\/09\/acer-aspire-14-ai-test-01-1200x675.jpg\" alt=\"\" class=\"wp-image-2733947 wp-image\"  \/><\/a>Cr\u00e9dit photo : OtaXou<\/p>\n<p>\ud83d\udc49 <a href=\"https:\/\/shop.frandroid.com\/2x6g7bet\" target=\"_blank\" rel=\"nofollow sponsored affiliate noopener\">Voir l\u2019offre Acer Aspire 14 AI \u00e0 503,99 \u20ac chez Darty (avec ODR + PC10)<\/a><\/p>\n<p>L\u2019<strong>Acer Aspire 14 AI<\/strong> est actuellement propos\u00e9 \u00e0 seulement <strong>503,99 \u20ac chez Darty<\/strong>, gr\u00e2ce \u00e0 une ODR et le <strong>code promo PC10<\/strong>. Il offre un \u00e9cran OLED 14\u2033 WQXGA, un <strong>Intel Core Ultra 5<\/strong>, 16 Go de RAM, un SSD de 512 Go et Windows Copilot+. Id\u00e9al pour le t\u00e9l\u00e9travail, les \u00e9tudes ou le multim\u00e9dia. D\u2019autres marchands comme Fnac ou Rakuten l\u2019affichent \u00e0 669 \u20ac, mais la meilleure affaire reste <a href=\"https:\/\/shop.frandroid.com\/2x6g7bet\" target=\"_blank\" rel=\"nofollow sponsored affiliate noopener\">cet \u00e9norme deal chez Darty<\/a>.<\/p>\n<p><a href=\"https:\/\/images.frandroid.com\/wp-content\/uploads\/2025\/09\/5g-2.jpg\" target=\"_blank\" class=\"article-content__figure\" rel=\"nofollow noopener\"><img loading=\"lazy\" decoding=\"async\" width=\"1200\" height=\"799\" src=\"https:\/\/www.europesays.com\/fr\/wp-content\/uploads\/2025\/09\/5g-2-1200x799.jpg\" alt=\"\" class=\"wp-image-2791377 wp-image\"  \/><\/a><\/p>\n<p>\ud83d\udc49 <a href=\"https:\/\/shop.frandroid.com\/ob9bymkq\" target=\"_blank\" rel=\"nofollow sponsored affiliate noopener\">Voir le forfait Cdiscount Mobile 5G 300 Go \u00e0 12,99 \u20ac\/mois<\/a><\/p>\n<p><strong>Cdiscount Mobile<\/strong> propose un forfait 5G sans engagement avec <strong>300 Go de data \u00e0 seulement 12,99 \u20ac\/mois<\/strong>. En bonus : 42 Go en Europe\/DOM, appels\/SMS illimit\u00e9s, et carte SIM \u00e0 1 \u20ac. Le tout, sur le r\u00e9seau <strong>Bouygues Telecom<\/strong>. Une offre imbattable pour les gros consommateurs de data ou les nomades digitaux.<\/p>\n<p><a href=\"https:\/\/www.europesays.com\/fr\/wp-content\/uploads\/2025\/09\/image-30-1.jpg\" target=\"_blank\" class=\"article-content__figure\"><img loading=\"lazy\" decoding=\"async\" width=\"1200\" height=\"800\" src=\"https:\/\/www.europesays.com\/fr\/wp-content\/uploads\/2025\/09\/image-30-1.jpg\" alt=\"\" class=\"wp-image-2790209 wp-image\"  \/><\/a>Samsung Galaxy A17 5G \/\/ Source : Chlo\u00e9 Pertuis pour Frandroid<\/p>\n<p>\ud83d\udc49 <a href=\"https:\/\/shop.frandroid.com\/cbf6ubwa\" target=\"_blank\" rel=\"nofollow sponsored affiliate noopener\">Voir l\u2019offre Galaxy A17 5G \u00e0 199,99 \u20ac chez Carrefour<\/a><\/p>\n<p>Le <strong>Samsung Galaxy A17 5G<\/strong>, tout juste lanc\u00e9, voit d\u00e9j\u00e0 son prix chuter <a href=\"https:\/\/shop.frandroid.com\/cbf6ubwa\" target=\"_blank\" rel=\"noreferrer noopener affiliate nofollow\">\u00e0 199,99 \u20ac chez Carrefour au lieu de 229,99 \u20ac<\/a>. Ce smartphone compatible 5G propose un <strong>\u00e9cran OLED 6,7 pouces<\/strong>, un design soign\u00e9 et 6 ans de mises \u00e0 jour logicielles. <\/p>\n<p><a href=\"https:\/\/images.frandroid.com\/wp-content\/uploads\/2025\/03\/asus-rog-strix-xg27acs-3.jpg\" target=\"_blank\" class=\"article-content__figure\" rel=\"nofollow noopener\"><img loading=\"lazy\" decoding=\"async\" width=\"1200\" height=\"675\" src=\"https:\/\/www.europesays.com\/fr\/wp-content\/uploads\/2025\/09\/asus-rog-strix-xg27acs-3-1200x675.jpg\" alt=\"\" class=\"wp-image-2791887 wp-image\"  \/><\/a><\/p>\n<p>\ud83d\udc49 <a href=\"https:\/\/shop.frandroid.com\/sd6faxey\" target=\"_blank\" rel=\"nofollow sponsored affiliate noopener\">Voir l\u2019offre Asus ROG Strix XG27ACS \u00e0 199,99 \u20ac chez Boulanger<\/a><\/p>\n<p>L\u2019\u00e9cran <strong>Asus ROG Strix XG27ACS<\/strong> de 27 pouces QHD \u00e0 180 Hz est affich\u00e9 \u00e0 <strong>199,99 \u20ac chez Boulanger<\/strong> apr\u00e8s <a href=\"https:\/\/boulanger.scene7.com\/is\/content\/Boulanger\/2.B.com\/Commerce\/EMS\/JVID77MIC4.pdf\" target=\"_blank\" rel=\"noreferrer noopener nofollow\">une offre de remboursement<\/a>, contre 379 \u20ac \u00e0 son lancement. Il conviendra aux joueurs exigeants avec son <strong>temps de r\u00e9ponse de 1 ms<\/strong>, sa compatibilit\u00e9 G-SYNC\/FreeSync et sa connectique compl\u00e8te (USB-C, HDMI, DisplayPort).<\/p>\n<p><a href=\"https:\/\/images.frandroid.com\/wp-content\/uploads\/2025\/09\/eufy-security-sonnette-video-c30.jpg\" target=\"_blank\" class=\"article-content__figure\" rel=\"nofollow noopener\"><img loading=\"lazy\" decoding=\"async\" width=\"1200\" height=\"675\" src=\"https:\/\/www.europesays.com\/fr\/wp-content\/uploads\/2025\/09\/eufy-security-sonnette-video-c30-1200x675.jpg\" alt=\"\" class=\"wp-image-2792169 wp-image\"  \/><\/a><\/p>\n<p>\ud83d\udc49 <a href=\"https:\/\/shop.frandroid.com\/ktu21csz\" target=\"_blank\" rel=\"nofollow sponsored affiliate noopener\">Voir l\u2019offre eufy C30 \u00e0 45,99 \u20ac sur Amazon<\/a><\/p>\n<p>La <strong>eufy Security C30<\/strong> est une sonnette connect\u00e9e compacte avec vid\u00e9o en 2K, actuellement \u00e0 seulement <strong>45,99 \u20ac chez Amazon<\/strong>, au lieu de 59,99 \u20ac. L\u00e9g\u00e8re, autonome (batterie 5 000 mAh), compatible Google\/Alexa et sans abonnement, elle stocke les vid\u00e9os en local pour toujours plus de confidentialit\u00e9.<\/p>\n<p><a href=\"https:\/\/images.frandroid.com\/wp-content\/uploads\/2024\/06\/navee-n65i-trottinette-electrique.jpg\" target=\"_blank\" class=\"article-content__figure\" rel=\"nofollow noopener\"><img loading=\"lazy\" decoding=\"async\" width=\"1200\" height=\"800\" src=\"https:\/\/www.europesays.com\/fr\/wp-content\/uploads\/2025\/09\/navee-n65i-trottinette-electrique-1200x800.jpg\" alt=\"Navee N65i trottinette \u00e9lectrique\" class=\"wp-image-2047026 wp-image\"  \/><\/a>Source : M. Lauraux pour Frandroid<\/p>\n<p>\ud83d\udc49 <a href=\"https:\/\/shop.frandroid.com\/3bymrhqo\" target=\"_blank\" rel=\"nofollow sponsored affiliate noopener\">Voir l\u2019offre Navee N65i \u00e0 499 \u20ac sur Darty<\/a><br \/>\ud83d\udc49 <a href=\"https:\/\/shop.frandroid.com\/p7fhk8j8\" target=\"_blank\" rel=\"nofollow sponsored affiliate noopener\">Voir l\u2019offre Navee N65i \u00e0 499 \u20ac sur la Fnac<\/a><\/p>\n<p>La <strong>trottinette \u00e9lectrique Navee N65i<\/strong> devient ultra attractive avec son <strong>prix en baisse de 200 \u20ac<\/strong>. Elle est vendue \u00e0 <strong>499 \u20ac \u00e0 la Fnac et chez Darty<\/strong>, alors qu\u2019elle valait initialement 699 \u20ac. Elle offre 65 km d\u2019autonomie, moteur 1000 W en cr\u00eate, pneus 10,5 pouces tubeless et triple freinage pour un usage citadin puissant et s\u00e9curis\u00e9.<\/p>\n<p><a href=\"https:\/\/www.europesays.com\/fr\/wp-content\/uploads\/2025\/09\/msi-crosshair-16-hx-bons-plans-frandroid.jpg\" target=\"_blank\" class=\"article-content__figure\"><img loading=\"lazy\" decoding=\"async\" width=\"800\" height=\"500\" src=\"https:\/\/www.europesays.com\/fr\/wp-content\/uploads\/2025\/09\/msi-crosshair-16-hx-bons-plans-frandroid.jpg\" alt=\"\" class=\"wp-image-2792481 wp-image\"  \/><\/a><\/p>\n<p>\ud83d\udc49 <a href=\"https:\/\/shop.frandroid.com\/8v21aadq\" target=\"_blank\" rel=\"nofollow sponsored affiliate noopener\">Voir l\u2019offre MSI Crosshair 16 HX \u00e0 1 350,42 \u20ac chez Darty<\/a><\/p>\n<p>Le <strong>MSI Crosshair 16 HX<\/strong>, un laptop d\u00e9di\u00e9 au gaming et \u00e0 la cr\u00e9ation exigeante, voit son prix tomber \u00e0 <strong>1 350,42 \u20ac chez Darty<\/strong> avec le code promo PC10. Il embarque une dalle QHD 16\u2033 240 Hz, un <strong>Intel Core Ultra 7 255HX<\/strong>, 16 Go de RAM et une <strong>RTX 5070<\/strong> pour tout faire tourner en ultra. \u00c0 ce tarif, c\u2019est <a href=\"https:\/\/shop.frandroid.com\/8v21aadq\" target=\"_blank\" rel=\"nofollow sponsored affiliate noopener\">un deal immanquable pour les gamers et cr\u00e9ateurs<\/a>.<\/p>\n<p><a href=\"https:\/\/images.frandroid.com\/wp-content\/uploads\/2025\/06\/realme-c61-2.jpg\" target=\"_blank\" class=\"article-content__figure\" rel=\"nofollow noopener\"><img loading=\"lazy\" decoding=\"async\" width=\"1200\" height=\"675\" src=\"https:\/\/www.europesays.com\/fr\/wp-content\/uploads\/2025\/09\/realme-c61-2-1200x675.jpg\" alt=\"\" class=\"wp-image-2792757 wp-image\"  \/><\/a><\/p>\n<p>\ud83d\udc49 <a href=\"https:\/\/shop.frandroid.com\/1vszha6r\" target=\"_blank\" rel=\"nofollow sponsored affiliate noopener\">Voir l\u2019offre Realme C61 \u00e0 94,99 \u20ac sur Amazon<\/a><\/p>\n<p>Le <strong>Realme C61<\/strong> chute \u00e0 <strong>94,99 \u20ac chez Amazon<\/strong>, au lieu de 159 \u20ac. Pour ce prix mini, il inclut un \u00e9cran 6,74\u2033 90 Hz, une batterie durable de 5000 mAh avec charge rapide 45W, et 6 Go de RAM. Une <strong>valeur s\u00fbre en entr\u00e9e de gamme<\/strong> pour les petits budgets.<\/p>\n<p>\ud83d\udc49 Pour \u00eatre s\u00fbr de ne manquer aucun bons plans, consultez notre <a href=\"https:\/\/www.frandroid.com\/bons-plans\" rel=\"nofollow noopener\" target=\"_blank\">page Bons Plans<\/a>, rejoignez <strong>Frandroid Promos<\/strong> sur <a href=\"https:\/\/whatsapp.com\/channel\/0029VabYxm5LI8YhSlD8xc05\" target=\"_blank\" rel=\"nofollow noopener\">WhatsApp<\/a> ou suivez <a href=\"https:\/\/x.com\/frandroidpromos\" target=\"_blank\" rel=\"nofollow\">@frandroidpromos<\/a> sur <strong>X<\/strong> (Twitter).<\/p>\n<p>Envie de rejoindre une communaut\u00e9 de passionn\u00e9s ? <a href=\"https:\/\/discord.com\/invite\/frandroid-311789172149190657\" target=\"_blank\" rel=\"noopener nofollow\">Notre Discord<\/a> vous accueille, c\u2019est un lieu d\u2019entraide et de passion autour de la tech.<\/p>\n","protected":false},"excerpt":{"rendered":"Le jeudi 11 septembre 2025 r\u00e9serve une pluie de promotions sur les produits tech les plus convoit\u00e9s. Voici&hellip;\n","protected":false},"author":2,"featured_media":384071,"comment_status":"","ping_status":"","sticky":false,"template":"","format":"standard","meta":{"footnotes":""},"categories":[7],"tags":[1011,27,50124,43,40,41,39,42,44],"class_list":{"0":"post-384070","1":"post","2":"type-post","3":"status-publish","4":"format-standard","5":"has-post-thumbnail","7":"category-sciences-et-technologies","8":"tag-fr","9":"tag-france","10":"tag-recap-bons-plans","11":"tag-science","12":"tag-science-and-technology","13":"tag-sciences","14":"tag-sciences-et-technologies","15":"tag-technologies","16":"tag-technology"},"share_on_mastodon":{"url":"https:\/\/pubeurope.com\/@fr\/115188593400133418","error":""},"_links":{"self":[{"href":"https:\/\/www.europesays.com\/fr\/wp-json\/wp\/v2\/posts\/384070","targetHints":{"allow":["GET"]}}],"collection":[{"href":"https:\/\/www.europesays.com\/fr\/wp-json\/wp\/v2\/posts"}],"about":[{"href":"https:\/\/www.europesays.com\/fr\/wp-json\/wp\/v2\/types\/post"}],"author":[{"embeddable":true,"href":"https:\/\/www.europesays.com\/fr\/wp-json\/wp\/v2\/users\/2"}],"replies":[{"embeddable":true,"href":"https:\/\/www.europesays.com\/fr\/wp-json\/wp\/v2\/comments?post=384070"}],"version-history":[{"count":0,"href":"https:\/\/www.europesays.com\/fr\/wp-json\/wp\/v2\/posts\/384070\/revisions"}],"wp:featuredmedia":[{"embeddable":true,"href":"https:\/\/www.europesays.com\/fr\/wp-json\/wp\/v2\/media\/384071"}],"wp:attachment":[{"href":"https:\/\/www.europesays.com\/fr\/wp-json\/wp\/v2\/media?parent=384070"}],"wp:term":[{"taxonomy":"category","embeddable":true,"href":"https:\/\/www.europesays.com\/fr\/wp-json\/wp\/v2\/categories?post=384070"},{"taxonomy":"post_tag","embeddable":true,"href":"https:\/\/www.europesays.com\/fr\/wp-json\/wp\/v2\/tags?post=384070"}],"curies":[{"name":"wp","href":"https:\/\/api.w.org\/{rel}","templated":true}]}}