{"id":384079,"date":"2025-09-12T00:57:24","date_gmt":"2025-09-12T00:57:24","guid":{"rendered":"https:\/\/www.europesays.com\/fr\/384079\/"},"modified":"2025-09-12T00:57:24","modified_gmt":"2025-09-12T00:57:24","slug":"pecher-a-la-mouche-avec-le-club-de-peche-sportive-forez-velay","status":"publish","type":"post","link":"https:\/\/www.europesays.com\/fr\/384079\/","title":{"rendered":"P\u00eacher \u00e0 la mouche avec le Club de p\u00eache sportive Forez-Velay"},"content":{"rendered":"<p>\t\t\t\t\t\t\t\t\t\t\t\t\t\t\t\t\t\t\t\t\t\t\t\t\t\t\t\t\t\t\t\t\t\t\t\t\t\t\t\t\t\t\t\t\t\t\t\t\t\t\t\t\t\t\t\t\t\t\t\t\t\t\t<a href=\"https:\/\/www.lacommere43.fr\/component\/banners\/click\/1813.html\" target=\"_blank\" title=\"Loisirs Camper septembre 2025\" rel=\"noopener\"><br \/>\n\t\t\t\t\t\t\t<img decoding=\"async\" loading=\"lazy\" src=\"https:\/\/www.europesays.com\/fr\/wp-content\/uploads\/2025\/09\/LACOMMERE_43-loisirs_camper.png\" alt=\"Loisirs Camper septembre 2025\"\/><br \/>\n\t\t\t\t\t\t<\/a><\/p>\n<p>\t\t\t\t\t\t\t\t\t\t\t\t\t\t\t\t\t\t\t\t\t\t\t\t\t\t\t\t\t\t\t\t\t\t\t\t\t\t\t\t\t\t\t\t\t\t\t\t\t\t\t\t\t\t\t\t\t\t\t\t\t\t\t<a href=\"https:\/\/www.lacommere43.fr\/component\/banners\/click\/1815.html\" target=\"_blank\" title=\"Haut Pays Velay journ\u00e9es patrimoine septembre 2025\" rel=\"noopener\"><br \/>\n\t\t\t\t\t\t\t<img decoding=\"async\" loading=\"lazy\" src=\"https:\/\/www.europesays.com\/fr\/wp-content\/uploads\/2025\/09\/Pub_la_Commre_-JEP.gif\" alt=\"Haut Pays Velay journ\u00e9es patrimoine septembre 2025\"\/><br \/>\n\t\t\t\t\t\t<\/a><\/p>\n<p>L&rsquo;invitation est lanc\u00e9e : \u00ab\u00a0La p\u00eache \u00e0 la mouche vous tente ? Le Club de p\u00eache sportive Forez-Velay dont les activit\u00e9s ont repris d\u00e9but septembre vous attend.\u00a0\u00bb<\/p>\n<p>Ecole de p\u00eache \u00e0 la mouche, montage de mouches artificielles, sorties de p\u00eache, et bien d&rsquo;autres choses encore vous sont propos\u00e9es dans ses 4 sections, \u00e0 Saint-Etienne, \u00e0 Riorges, \u00e0 Saint-Just\/Saint-Rambert et \u00e0 Monistrol-sur-Loire.<\/p>\n<p>Pour en savoir plus, consultez <a href=\"https:\/\/www.cpsfv.org\/\" target=\"_blank\" rel=\"noopener\">le site <\/a><\/p>\n<p><strong>Contacts<\/strong><\/p>\n<p>A la permanence du club les mercredis apr\u00e8s-midi\u00a0: Maison de la nature 11 rue Ren\u00e9-Cassin \u00e0 Saint-Etienne<\/p>\n<p>Par t\u00e9l. : 04 77 34 02 91<\/p>\n<p>Par courriel : contact@cpsfv.org<\/p>\n","protected":false},"excerpt":{"rendered":"L&rsquo;invitation est lanc\u00e9e : \u00ab\u00a0La p\u00eache \u00e0 la mouche vous tente ? Le Club de p\u00eache sportive Forez-Velay&hellip;\n","protected":false},"author":2,"featured_media":384080,"comment_status":"","ping_status":"","sticky":false,"template":"","format":"standard","meta":{"footnotes":""},"categories":[9653],"tags":[1111,2281,11,2430,1777,674,2282,1011,27,2280,2284,2285,2283,12,25,4001],"class_list":{"0":"post-384079","1":"post","2":"type-post","3":"status-publish","4":"format-standard","5":"has-post-thumbnail","7":"category-saint-etienne","8":"tag-actu","9":"tag-actualite-43","10":"tag-actualites","11":"tag-auvergne-rhone-alpes","12":"tag-eu","13":"tag-europe","14":"tag-faits-divers-auvergne","15":"tag-fr","16":"tag-france","17":"tag-information-haute-loire","18":"tag-infos-43","19":"tag-journal-haute-loire","20":"tag-la-commere-43","21":"tag-news","22":"tag-republique-francaise","23":"tag-saint-etienne"},"share_on_mastodon":{"url":"https:\/\/pubeurope.com\/@fr\/115188612800034414","error":""},"_links":{"self":[{"href":"https:\/\/www.europesays.com\/fr\/wp-json\/wp\/v2\/posts\/384079","targetHints":{"allow":["GET"]}}],"collection":[{"href":"https:\/\/www.europesays.com\/fr\/wp-json\/wp\/v2\/posts"}],"about":[{"href":"https:\/\/www.europesays.com\/fr\/wp-json\/wp\/v2\/types\/post"}],"author":[{"embeddable":true,"href":"https:\/\/www.europesays.com\/fr\/wp-json\/wp\/v2\/users\/2"}],"replies":[{"embeddable":true,"href":"https:\/\/www.europesays.com\/fr\/wp-json\/wp\/v2\/comments?post=384079"}],"version-history":[{"count":0,"href":"https:\/\/www.europesays.com\/fr\/wp-json\/wp\/v2\/posts\/384079\/revisions"}],"wp:featuredmedia":[{"embeddable":true,"href":"https:\/\/www.europesays.com\/fr\/wp-json\/wp\/v2\/media\/384080"}],"wp:attachment":[{"href":"https:\/\/www.europesays.com\/fr\/wp-json\/wp\/v2\/media?parent=384079"}],"wp:term":[{"taxonomy":"category","embeddable":true,"href":"https:\/\/www.europesays.com\/fr\/wp-json\/wp\/v2\/categories?post=384079"},{"taxonomy":"post_tag","embeddable":true,"href":"https:\/\/www.europesays.com\/fr\/wp-json\/wp\/v2\/tags?post=384079"}],"curies":[{"name":"wp","href":"https:\/\/api.w.org\/{rel}","templated":true}]}}