{"id":384104,"date":"2025-09-12T01:16:24","date_gmt":"2025-09-12T01:16:24","guid":{"rendered":"https:\/\/www.europesays.com\/fr\/384104\/"},"modified":"2025-09-12T01:16:24","modified_gmt":"2025-09-12T01:16:24","slug":"face-au-succes-des-preventes-the-weeknd-ajoute-des-dates-de-concert-au-stade-de-france-et-a-nice","status":"publish","type":"post","link":"https:\/\/www.europesays.com\/fr\/384104\/","title":{"rendered":"Face au succ\u00e8s des pr\u00e9ventes, The Weeknd ajoute des dates de concert au Stade de France et \u00e0 Nice"},"content":{"rendered":"<p>En juillet 2026, le chanteur de RnB canadien fera escale cinq soirs dans l\u2019Hexagone. Les pr\u00e9ventes ont lieu mardi et jeudi avant la billetterie officielle vendredi.<\/p>\n<p class=\"fig-paragraph\">\u00ab\u00a0En tant que The Weeknd, j\u2019ai dit tout ce que je pouvais dire\u00a0\u00bb. La star am\u00e9ricaine du RnB est bien d\u00e9cid\u00e9e \u00e0 se d\u00e9barrasser\u00a0<a href=\"http:\/\/www.lefigaro.fr\/musique\/the-weeknd-change-de-nom-pour-clore-le-chapitre-et-renaitre-20230516\" target=\"_blank\" data-fig-type=\"NewsFlash\" rel=\"noopener\" data-gtm-custom-categorie=\"navigation\" data-gtm-custom-action=\"crossclick\" data-gtm-custom-label=\"Contextuel\" data-gtm-event=\"customEventSPE\" data-fig-domain=\"LEFIGARO\">de son nom de sc\u00e8ne et du personnage associ\u00e9<\/a>. Mais l\u2019artiste de 35 ans s\u2019offre encore quelques tours de piste en tant que The Weeknd. Commenc\u00e9e en 2022, sa septi\u00e8me tourn\u00e9e, After Hours Til Dawn Tour, se poursuivra jusqu\u2019en 2026. En France, elle passera par Paris et Nice.<\/p>\n<p class=\"fig-body-link\">\n            \u00c0 lire aussi<br \/>\n        <a class=\"fig-body-link__link\" href=\"http:\/\/www.lefigaro.fr\/culture\/the-weeknd-offre-1-8-million-d-euros-pour-l-approvisionnement-des-habitants-de-gaza-20240502\" target=\"_blank\" data-fig-type=\"Article\" rel=\"noopener\" data-gtm-custom-categorie=\"navigation\" data-gtm-custom-action=\"crossclick\" data-gtm-custom-label=\"Contextuel\" data-gtm-event=\"customEventSPE\" data-fig-domain=\"LEFIGARO\">The Weeknd offre 1,8 million d\u2019euros pour l&rsquo;approvisionnement des habitants de Gaza<br \/>\n    <\/a>\n<\/p>\n<p>    Pour les pr\u00e9ventes Mastercard de mardi 9 septembre, \u00e0 16 heures, toutes les places sont \u00ab\u00e9puis\u00e9es\u00bb.<br \/>\n                Site Live Nation<\/p>\n<p>De Londres \u00e0 Mexico<\/p>\n<p class=\"fig-paragraph\">Au Stade de France, dans une enceinte de 80\u00a0000 places qu\u2019il avait d\u00e9j\u00e0 remplie en 2023, puis \u00e0 l\u2019Allianz Riviera, le chanteur d\u00e9fendra Hurry Up Tomorrow, son dernier album tr\u00e8s ann\u00e9es 1980 serti de quelques fulgurances mais dont\u00a0<a href=\"http:\/\/www.lefigaro.fr\/culture\/the-weeknd-steely-dan-decouvrez-les-albums-de-la-semaine-du-figaro-20250201\" target=\"_blank\" data-fig-type=\"Article\" rel=\"noopener\" data-gtm-custom-categorie=\"navigation\" data-gtm-custom-action=\"crossclick\" data-gtm-custom-label=\"Contextuel\" data-gtm-event=\"customEventSPE\" data-fig-domain=\"LEFIGARO\">le trop-plein d\u2019id\u00e9es finit par lasser<\/a>. Face au succ\u00e8s de la billetterie lors des pr\u00e9ventes, des dates ont \u00e9t\u00e9 ajout\u00e9es par la production. Les Franciliens l\u2019entendront les 10, 11 et 12 juillet, les Ni\u00e7ois, les 21 et 22 juillet.<\/p>\n<p>                                    <a class=\"fig-a11y-skip a11y-hidden\" href=\"#fig-a11y-skip-main-inarticle\"><br \/>\n        Passer la publicit\u00e9<br \/>\n    <\/a><\/p>\n<p class=\"fig-paragraph\">Concernant l\u2019ouverture de la billetterie, elle se d\u00e9roule en plusieurs phases, avec une premi\u00e8re pr\u00e9vente ouverte depuis le 9 septembre \u00e0 14 heures, et r\u00e9serv\u00e9e aux d\u00e9tenteurs d\u2019une MasterCard. La pr\u00e9vente Live Nation France est quant \u00e0 elle disponible d\u00e8s le jeudi 11 septembre 2025 \u00e0 partir de midi. Enfin, la mise en vente g\u00e9n\u00e9rale est fix\u00e9e le vendredi 12 septembre \u00e0 midi.<\/p>\n<p class=\"fig-paragraph\">La prochaine tourn\u00e9e de The Weeknd, qui a mis en sc\u00e8ne, en 2023,\u00a0<a href=\"http:\/\/www.lefigaro.fr\/festival-de-cannes\/notre-critique-de-the-idol-lily-rose-depp-fleur-du-male-20230523\" target=\"_blank\" data-fig-type=\"Article\" rel=\"noopener\" data-gtm-custom-categorie=\"navigation\" data-gtm-custom-action=\"crossclick\" data-gtm-custom-label=\"Contextuel\" data-gtm-event=\"customEventSPE\" data-fig-domain=\"LEFIGARO\">une s\u00e9rie avec Lily-Rose Depp<\/a>, l\u2019am\u00e8nera \u00e9galement au Mexique, au Br\u00e9sil, en Espagne, aux Pays-Bas ou au Royaume-Uni. Le chanteur, l\u2019un des plus populaires de la plan\u00e8te selon le Livre Guinness des records, a annonc\u00e9 en mai 2023 l\u2019intention de l\u2019abandonner son pseudo pour reprendre son v\u00e9ritable nom, Abel Tesfaye. N\u00e9 au Canada de parents \u00e9thiopiens, le trentenaire veut se \u00ab\u00a0d\u00e9barrasser de cette peau et rena\u00eetre\u00a0\u00bb.<\/p>\n","protected":false},"excerpt":{"rendered":"En juillet 2026, le chanteur de RnB canadien fera escale cinq soirs dans l\u2019Hexagone. Les pr\u00e9ventes ont lieu&hellip;\n","protected":false},"author":2,"featured_media":384105,"comment_status":"","ping_status":"","sticky":false,"template":"","format":"standard","meta":{"footnotes":""},"categories":[2819],"tags":[1111,11,1777,674,1011,27,12,2401,626,882,25,14478,37243,4441],"class_list":{"0":"post-384104","1":"post","2":"type-post","3":"status-publish","4":"format-standard","5":"has-post-thumbnail","7":"category-nice","8":"tag-actu","9":"tag-actualites","10":"tag-eu","11":"tag-europe","12":"tag-fr","13":"tag-france","14":"tag-news","15":"tag-nice","16":"tag-paris","17":"tag-provence-alpes-cote-dazur","18":"tag-republique-francaise","19":"tag-stade-de-france","20":"tag-the-weeknd","21":"tag-tournee"},"share_on_mastodon":{"url":"https:\/\/pubeurope.com\/@fr\/115188687454185278","error":""},"_links":{"self":[{"href":"https:\/\/www.europesays.com\/fr\/wp-json\/wp\/v2\/posts\/384104","targetHints":{"allow":["GET"]}}],"collection":[{"href":"https:\/\/www.europesays.com\/fr\/wp-json\/wp\/v2\/posts"}],"about":[{"href":"https:\/\/www.europesays.com\/fr\/wp-json\/wp\/v2\/types\/post"}],"author":[{"embeddable":true,"href":"https:\/\/www.europesays.com\/fr\/wp-json\/wp\/v2\/users\/2"}],"replies":[{"embeddable":true,"href":"https:\/\/www.europesays.com\/fr\/wp-json\/wp\/v2\/comments?post=384104"}],"version-history":[{"count":0,"href":"https:\/\/www.europesays.com\/fr\/wp-json\/wp\/v2\/posts\/384104\/revisions"}],"wp:featuredmedia":[{"embeddable":true,"href":"https:\/\/www.europesays.com\/fr\/wp-json\/wp\/v2\/media\/384105"}],"wp:attachment":[{"href":"https:\/\/www.europesays.com\/fr\/wp-json\/wp\/v2\/media?parent=384104"}],"wp:term":[{"taxonomy":"category","embeddable":true,"href":"https:\/\/www.europesays.com\/fr\/wp-json\/wp\/v2\/categories?post=384104"},{"taxonomy":"post_tag","embeddable":true,"href":"https:\/\/www.europesays.com\/fr\/wp-json\/wp\/v2\/tags?post=384104"}],"curies":[{"name":"wp","href":"https:\/\/api.w.org\/{rel}","templated":true}]}}