{"id":384108,"date":"2025-09-12T01:18:31","date_gmt":"2025-09-12T01:18:31","guid":{"rendered":"https:\/\/www.europesays.com\/fr\/384108\/"},"modified":"2025-09-12T01:18:31","modified_gmt":"2025-09-12T01:18:31","slug":"ce-quils-ont-voulu-nous-voler-ce-quils-ont-recolte","status":"publish","type":"post","link":"https:\/\/www.europesays.com\/fr\/384108\/","title":{"rendered":"ce qu&rsquo;ils ont voulu nous voler, ce qu&rsquo;ils ont r\u00e9colt\u00e9"},"content":{"rendered":"<p class=\"has-text-align-center\"><strong>Des barricades pendant plus de 12 heures d\u2019affil\u00e9e et une r\u00e9pression f\u00e9roce : r\u00e9cit du 10 septembre nantais<\/strong><\/p>\n<p>\u00c0 Nantes, la police tente depuis des ann\u00e9es de voler la joie, et c\u2019est sans doute l\u00e0 sa plus grande violence. En 2019, elle tuait Steve qui dansait en bord de Loire le soir de la f\u00eate de la musique. En 2016, elle agressait les places occup\u00e9es et en liesse de Nuit Debout. Apr\u00e8s l\u2019\u00e9lection de Macron, elle chargeait les initiatives festives organis\u00e9es par des habitant-es de la ZAD et des syndicalistes. \u00abLe pouvoir exige des corps tristes. Le pouvoir a besoin de tristesse parce qu\u2019il peut la dominer. La joie, par cons\u00e9quent, est r\u00e9sistance, parce qu\u2019elle n\u2019abandonne pas\u00bb \u00e9crivait Gilles Deleuze. Ici, toutes les m\u00e9thodes de r\u00e9pression ont d\u00e9j\u00e0 \u00e9t\u00e9 exp\u00e9riment\u00e9es, il ne reste qu\u2019\u00e0 imposer de la r\u00e9signation.<\/p>\n<p>\u00c0 Nantes, le mouvement du 10 septembre a pris corps tr\u00e8s t\u00f4t. D\u00e8s le milieu du mois de juillet, les r\u00e9unions se succ\u00e9daient dans des bars, r\u00e9unissant des dizaines de personnes. L\u2019organisation \u00e9tait \u00e0 pied d\u2019\u0153uvre, des affiches et des graffitis fleurissaient partout. \u00c0 la fin du mois d\u2019ao\u00fbt, \u00abBloquons tout\u00bb \u00e9tait devenu incontournable, \u00e0 tel point qu\u2019une premi\u00e8re Assembl\u00e9e r\u00e9unissait 600 personnes, plus que nul part ailleurs.<\/p>\n<p>Tout le monde pr\u00e9parait le grand rendez-vous avec enthousiasme : on imaginait d\u00e9j\u00e0 un grand banquet sur le pont de Chevir\u00e9, avec des tracteurs paysans, de la musique et des ateliers cr\u00e9atifs pour les familles qui durerait toute la journ\u00e9e. On imaginait des occupations de p\u00e9riph\u00e9rique en plusieurs points jusqu\u2019au soir. Des ravitaillements amen\u00e9s par des cort\u00e8ges en v\u00e9lo. Un r\u00e9seau de cantines \u00e9tait en place. Toutes ces id\u00e9es qui auraient pu mettre en image le mouvement populaire, le rendre d\u00e9sirable et rejoignable, resteront, pour l\u2019instant, dans nos t\u00eates. Le micro-fasciste Retailleau l\u2019a annonc\u00e9 : il faut mater les \u00abbastions d\u2019ultra-gauche\u00bb.<\/p>\n<p>Le 10 septembre, 1200 policiers ont \u00e9t\u00e9 d\u00e9ploy\u00e9s \u00e0 Nantes, ont compt\u00e9 certains habitu\u00e9s des manifestations locales : les unit\u00e9s les plus violentes des CRS, des hordes de BAC, les sinistres Compagnies d\u2019intervention responsables des pires mutilations dans la ville. Le Minist\u00e8re en a d\u00e9cid\u00e9 ainsi : aucune image de joie ne doit sortir de Nantes. La premi\u00e8re grenade lacrymog\u00e8ne \u00e9tait tir\u00e9e d\u00e8s 6h du matin, la derni\u00e8re apr\u00e8s 18h. Sans aucune interruption, partout dans l\u2019agglom\u00e9ration, le mouvement pourtant massif et organis\u00e9 a \u00e9t\u00e9 pourchass\u00e9, emp\u00each\u00e9 de se former, devant les lyc\u00e9es, sur les points de blocage ou en cort\u00e8ge. Il n\u2019\u00e9tait pas question, comme on l\u2019a vu dans d\u2019autres villes, de laisser une foule occuper une route ni m\u00eame tenir un rond-point.<\/p>\n<p>Cette r\u00e9pression a pourtant \u00e9t\u00e9 vaincue. \u00c0 7h du matin, apr\u00e8s avoir \u00e9t\u00e9 massivement gaz\u00e9, le groupe charg\u00e9 de bloquer le pont de Chevir\u00e9 \u00e0 l\u2019ouest de la ville s\u2019est \u00e9chapp\u00e9 en courant. Empruntant des sentiers m\u00e9connus et passant \u00e0 travers bois, il a totalement d\u00e9jou\u00e9 l\u2019\u00e9tau policier, a grimp\u00e9 sur le p\u00e9riph\u00e9rique et allum\u00e9 en quelques minutes un mur de pneus, se repliant sous les grenades tir\u00e9es par un convoi policier arriv\u00e9 en trombe, \u00e9nerv\u00e9 d\u2019avoir \u00e9t\u00e9 doubl\u00e9. Puisqu\u2019il n\u2019y aura pas de banquet festif en haut du pont, il y a du feu. Ce cort\u00e8ge continuera de trottiner sur plusieurs kilom\u00e8tres, p\u00e9n\u00e9trant sur le p\u00e9riph\u00e9rique et semant des barricades jusqu\u2019\u00e0 la zone commerciale d\u2019Atlantis, avant de s\u2019\u00e9vaporer.<\/p>\n<p>\u00c0 l\u2019Est, le cort\u00e8ge de Malakoff, encercl\u00e9, a r\u00e9ussi \u00e0 briser une nasse et \u00e0 partir en manifestation sauvage, talonn\u00e9e par la police, en semant des barricades. Au nord, apr\u00e8s une br\u00e8ve incursion sur le p\u00e9riph\u00e9rique avec une banderole \u00abMacron explosion\u00bb, le m\u00eame choix d\u2019un d\u00e9part furtif s\u2019impose. \u00abBe water\u00bb, comme \u00e0 Hong Kong.<\/p>\n<p>\u00c0 la mi-journ\u00e9e, des centaines puis des milliers de personnes affluent sur une Place du Commerce d\u00e9tremp\u00e9e, suite \u00e0 un appel lanc\u00e9 en derni\u00e8re minute. La foule, dense, repart en manifestation, aussit\u00f4t gaz\u00e9e. Les cort\u00e8ges \u00e9pars font preuve d\u2019une t\u00e9nacit\u00e9 hors du commun, s\u00e8ment des feux jusque dans les beaux quartiers. C\u2019est ce qui interpelle : les barricades se comptent par dizaines, dispers\u00e9es partout, sur un p\u00e9rim\u00e8tre qui s\u2019\u00e9tend sur plusieurs quartiers. La police est sur les dents, elle se venge d\u00e8s qu\u2019elle peut. Plusieurs personnes pass\u00e9es \u00e0 tabac sont emmen\u00e9es ensanglant\u00e9es en cellule.<\/p>\n<p>En d\u00e9but de soir\u00e9e, des dizaines de policiers donnent un assaut \u00e0 l\u2019endroit o\u00f9 l\u2019Assembl\u00e9e commence : grenades lacrymog\u00e8nes et explosives sous les Nefs, \u00e0 l\u2019endroit o\u00f9 stationne d\u2019ordinaire le c\u00e9l\u00e8bre \u00e9l\u00e9phant m\u00e9canique, fleuron touristique de la ville. Nouvelles arrestations brutales. Il n\u2019y a aucune limite \u00e0 la violence d\u2019\u00c9tat. Des dizaines de personnes ont \u00e9t\u00e9 emmen\u00e9es au poste dans la journ\u00e9e.<\/p>\n<p>Contre toute attente, l\u2019Assembl\u00e9e r\u00e9ussit \u00e0 se tenir, en ext\u00e9rieur, survol\u00e9e par un drone. Des dizaines de fourgons de CRS continueront de stationner au c\u0153ur de la ville jusqu\u2019\u00e0 une heure tardive. Le 10 septembre, il ont voulu tuer l\u2019enthousiasme collectif, ils ont r\u00e9colt\u00e9 une constellation de feux, qui se rallumeront tant qu\u2019il le faudra. La m\u00e9tropole n\u2019a pas \u00e9t\u00e9 mise \u00e0 l\u2019arr\u00eat autant que pr\u00e9vu, mais c\u2019\u00e9tait une journ\u00e9e des barricades.<\/p>\n<p class=\"has-text-align-center\"><strong>Un jour, peut-\u00eatre plus proche qu\u2019on ne le croit, nous d\u00e9jeunerons en haut du Pont de Chevir\u00e9.<\/strong><\/p>\n<p>Photos : Oli Mouazan, Estelle Ruiz, CA<\/p>\n","protected":false},"excerpt":{"rendered":"Des barricades pendant plus de 12 heures d\u2019affil\u00e9e et une r\u00e9pression f\u00e9roce : r\u00e9cit du 10 septembre nantais&hellip;\n","protected":false},"author":2,"featured_media":384109,"comment_status":"","ping_status":"","sticky":false,"template":"","format":"standard","meta":{"footnotes":""},"categories":[2818],"tags":[48300,1111,11,7551,1777,674,1011,27,766,12,2636,2189,25,51681],"class_list":{"0":"post-384108","1":"post","2":"type-post","3":"status-publish","4":"format-standard","5":"has-post-thumbnail","7":"category-nantes","8":"tag-10-septembre","9":"tag-actu","10":"tag-actualites","11":"tag-blocage","12":"tag-eu","13":"tag-europe","14":"tag-fr","15":"tag-france","16":"tag-nantes","17":"tag-news","18":"tag-pays-de-la-loire","19":"tag-photos","20":"tag-republique-francaise","21":"tag-zbeul"},"share_on_mastodon":{"url":"https:\/\/pubeurope.com\/@fr\/115188695303881427","error":""},"_links":{"self":[{"href":"https:\/\/www.europesays.com\/fr\/wp-json\/wp\/v2\/posts\/384108","targetHints":{"allow":["GET"]}}],"collection":[{"href":"https:\/\/www.europesays.com\/fr\/wp-json\/wp\/v2\/posts"}],"about":[{"href":"https:\/\/www.europesays.com\/fr\/wp-json\/wp\/v2\/types\/post"}],"author":[{"embeddable":true,"href":"https:\/\/www.europesays.com\/fr\/wp-json\/wp\/v2\/users\/2"}],"replies":[{"embeddable":true,"href":"https:\/\/www.europesays.com\/fr\/wp-json\/wp\/v2\/comments?post=384108"}],"version-history":[{"count":0,"href":"https:\/\/www.europesays.com\/fr\/wp-json\/wp\/v2\/posts\/384108\/revisions"}],"wp:featuredmedia":[{"embeddable":true,"href":"https:\/\/www.europesays.com\/fr\/wp-json\/wp\/v2\/media\/384109"}],"wp:attachment":[{"href":"https:\/\/www.europesays.com\/fr\/wp-json\/wp\/v2\/media?parent=384108"}],"wp:term":[{"taxonomy":"category","embeddable":true,"href":"https:\/\/www.europesays.com\/fr\/wp-json\/wp\/v2\/categories?post=384108"},{"taxonomy":"post_tag","embeddable":true,"href":"https:\/\/www.europesays.com\/fr\/wp-json\/wp\/v2\/tags?post=384108"}],"curies":[{"name":"wp","href":"https:\/\/api.w.org\/{rel}","templated":true}]}}