{"id":38411,"date":"2025-04-20T08:16:09","date_gmt":"2025-04-20T08:16:09","guid":{"rendered":"https:\/\/www.europesays.com\/fr\/38411\/"},"modified":"2025-04-20T08:16:09","modified_gmt":"2025-04-20T08:16:09","slug":"commerce-des-pepites-dans-cette-nouvelle-friperie-au-nord-de-nantes","status":"publish","type":"post","link":"https:\/\/www.europesays.com\/fr\/38411\/","title":{"rendered":"Commerce. Des \u00ab\u00a0p\u00e9pites\u00a0\u00bb dans cette nouvelle friperie au nord de Nantes"},"content":{"rendered":"<p>Voil\u00e0 maintenant une dizaine de jours que \u00ab\u00a0P\u00e9pite\u00a0\u00bb est ouverte \u00e0 <a href=\"https:\/\/nantes.maville.com\/actu\/actudet_-a-nort-sur-erdre-la-foire-de-la-saint-georges-est-annulee-_8-6760774_actu.Htm\" target=\"_blank\" rel=\"noopener\">Nort-sur-Erdre<\/a>, la boutique attire une client\u00e8le interg\u00e9n\u00e9rationnelle, des lyc\u00e9ens et coll\u00e9giens \u00e0 la sortie des cours aux personnes qui fl\u00e2nent ou se rendent au march\u00e9.\u00a0Il y avait une demande sur Nort-sur-Erdre pour ce concept qui me tenait \u00e0 c\u0153ur. Ce projet \u00e9co-responsable qui a germ\u00e9 l\u2019\u00e9t\u00e9 dernier participe \u00e0 la r\u00e9duction des d\u00e9chets textiles tout en permettant \u00e0 la client\u00e8le de venir chiner des pi\u00e8ces uniques. Le prix moyen est de 15\u00a0\u20ac, les pi\u00e8ces les moins ch\u00e8res sont \u00e0 1\u00a0\u20ac tandis que les plus ch\u00e8res (et plus rares) vont \u00eatre mises en vente \u00e0 80\/90\u00a0\u20ac.\u00a0<\/p>\n<p>\u00c0 lire aussi\u00a0:<\/p>\n<p><a href=\"https:\/\/labaule.maville.com\/actu\/actudet_-berries-cette-nouvelle-friperie-du-vignoble-propose-des-articles-vintage-et-haut-de-gamme-_8-6724925_actu.Htm\" target=\"_blank\" rel=\"noopener\">Berries, cette nouvelle friperie du Vignoble propose des articles vintage et haut de gamme<\/a><\/p>\n<p>\u00ab\u00a0Je m\u2019approvisionne directement en Bretagne ou Pays de la Loire<\/p>\n<p>Et dans sa boutique, il y en a pour tos les go\u00fbts\u00a0: \u00ab\u00a0Je vends toutes marques et toutes tailles, majoritairement des v\u00eatements femmes et hommes. Il y a des r\u00e9assorts r\u00e9guliers. Je m\u2019approvisionne directement en Bretagne ou Pays de la Loire. Je les s\u00e9lectionne les lave, les repasse, les retouche si n\u00e9cessaire. Je ne fais pas de d\u00e9p\u00f4t-vente, cela signifie que si on me laisse des v\u00eatements m\u00e9ritant une seconde vie, ce sera des dons.\u00a0<\/p>\n<p>Pratique<\/p>\n<p>P\u00e9pite 3, rue G\u00e9n\u00e9ral Leclerc \u00e0 Nort-sur-Erdre\u00a0pepitefriperienortaise@gmail.com<\/p>\n<p>Mercredi jeudi\u00a010\u00a0h 12\u00a0h\u00a030 14\u00a0h\u00a030 18\u00a0h<\/p>\n<p>Vendredi samedi\u00a010\u00a0h 18\u00a0h.<\/p>\n<p>\u00a0<\/p>\n","protected":false},"excerpt":{"rendered":"Voil\u00e0 maintenant une dizaine de jours que \u00ab\u00a0P\u00e9pite\u00a0\u00bb est ouverte \u00e0 Nort-sur-Erdre, la boutique attire une client\u00e8le interg\u00e9n\u00e9rationnelle,&hellip;\n","protected":false},"author":2,"featured_media":38412,"comment_status":"","ping_status":"","sticky":false,"template":"","format":"standard","meta":{"footnotes":""},"categories":[2818],"tags":[1111,11,215,1777,674,1011,27,12086,766,12,1308,2043,2636,9254,25,3272],"class_list":{"0":"post-38411","1":"post","2":"type-post","3":"status-publish","4":"format-standard","5":"has-post-thumbnail","7":"category-nantes","8":"tag-actu","9":"tag-actualites","10":"tag-commerce","11":"tag-eu","12":"tag-europe","13":"tag-fr","14":"tag-france","15":"tag-friperie","16":"tag-nantes","17":"tag-news","18":"tag-nord","19":"tag-nouvelle","20":"tag-pays-de-la-loire","21":"tag-pepites","22":"tag-republique-francaise","23":"tag-saint-nazaire"},"share_on_mastodon":{"url":"https:\/\/pubeurope.com\/@fr\/114369303898927372","error":""},"_links":{"self":[{"href":"https:\/\/www.europesays.com\/fr\/wp-json\/wp\/v2\/posts\/38411","targetHints":{"allow":["GET"]}}],"collection":[{"href":"https:\/\/www.europesays.com\/fr\/wp-json\/wp\/v2\/posts"}],"about":[{"href":"https:\/\/www.europesays.com\/fr\/wp-json\/wp\/v2\/types\/post"}],"author":[{"embeddable":true,"href":"https:\/\/www.europesays.com\/fr\/wp-json\/wp\/v2\/users\/2"}],"replies":[{"embeddable":true,"href":"https:\/\/www.europesays.com\/fr\/wp-json\/wp\/v2\/comments?post=38411"}],"version-history":[{"count":0,"href":"https:\/\/www.europesays.com\/fr\/wp-json\/wp\/v2\/posts\/38411\/revisions"}],"wp:featuredmedia":[{"embeddable":true,"href":"https:\/\/www.europesays.com\/fr\/wp-json\/wp\/v2\/media\/38412"}],"wp:attachment":[{"href":"https:\/\/www.europesays.com\/fr\/wp-json\/wp\/v2\/media?parent=38411"}],"wp:term":[{"taxonomy":"category","embeddable":true,"href":"https:\/\/www.europesays.com\/fr\/wp-json\/wp\/v2\/categories?post=38411"},{"taxonomy":"post_tag","embeddable":true,"href":"https:\/\/www.europesays.com\/fr\/wp-json\/wp\/v2\/tags?post=38411"}],"curies":[{"name":"wp","href":"https:\/\/api.w.org\/{rel}","templated":true}]}}