{"id":384112,"date":"2025-09-12T01:20:24","date_gmt":"2025-09-12T01:20:24","guid":{"rendered":"https:\/\/www.europesays.com\/fr\/384112\/"},"modified":"2025-09-12T01:20:24","modified_gmt":"2025-09-12T01:20:24","slug":"une-alerte-a-la-bombe-dans-un-college-pres-de-bordeaux","status":"publish","type":"post","link":"https:\/\/www.europesays.com\/fr\/384112\/","title":{"rendered":"une alerte \u00e0 la bombe dans un coll\u00e8ge pr\u00e8s de Bordeaux"},"content":{"rendered":"<p>Une alerte \u00e0 la bombe a \u00e9t\u00e9 d\u00e9clench\u00e9e \u00e0 13 heures au coll\u00e8ge Pierre de Belleyme, \u00e0 Pauillac, pr\u00e8s de Bordeaux. La lev\u00e9e de doute a \u00e9t\u00e9 act\u00e9e par la gendarmerie, qui s\u2019est vue confier une enqu\u00eate.<\/p>\n<p class=\"fig-paragraph\">Une\u00a0<a href=\"http:\/\/www.lefigaro.fr\/marseille\/marseille-le-conseil-departemental-evacue-en-raison-d-une-alerte-a-la-bombe-20250716\" data-fig-type=\"NewsFlash\" data-gtm-custom-categorie=\"navigation\" data-gtm-custom-action=\"crossclick\" data-gtm-custom-label=\"Contextuel\" data-gtm-event=\"customEventSPE\" data-fig-domain=\"LEFIGARO\" target=\"_blank\" rel=\"noopener\">alerte \u00e0 la bombe<\/a>\u00a0a \u00e9t\u00e9 d\u00e9clench\u00e9e au coll\u00e8ge Pierre de Belleyme, \u00e0 Pauillac (Gironde), ce jeudi apr\u00e8s-midi. L\u2019alerte \u00e0 la gendarmerie du d\u00e9partement a \u00e9t\u00e9 donn\u00e9e \u00e0 13 heures par le principal de l\u2019\u00e9tablissement scolaire \u00e0 la suite \u00abd\u2019une suspicion d\u00e9cel\u00e9e sur les r\u00e9seaux sociaux\u00bb. Aucun bless\u00e9 n\u2019est \u00e0 d\u00e9plorer et les 800 coll\u00e9giens ont \u00e9t\u00e9 \u00e9vacu\u00e9s, conform\u00e9ment au protocole en vigueur, indique au Figaro la pr\u00e9fecture de la Gironde.<\/p>\n<p class=\"fig-paragraph\">Les militaires ont proc\u00e9d\u00e9 \u00e0 une lev\u00e9e de doute qui a \u00e9t\u00e9 act\u00e9e peu avant 18 heures. Ils ont \u00e9t\u00e9 appuy\u00e9s par la pr\u00e9sence des pompiers et des \u00e9quipes de s\u00e9curit\u00e9 de la Direction des services de l\u2019\u00c9ducation nationale (Dasen) de la Gironde. Avis\u00e9 des faits, le procureur de la R\u00e9publique de Bordeaux a ouvert une enqu\u00eate. Elle est confi\u00e9e \u00e0 la gendarmerie nationale.<strong>\u00a0<\/strong><\/p>\n","protected":false},"excerpt":{"rendered":"Une alerte \u00e0 la bombe a \u00e9t\u00e9 d\u00e9clench\u00e9e \u00e0 13 heures au coll\u00e8ge Pierre de Belleyme, \u00e0 Pauillac,&hellip;\n","protected":false},"author":2,"featured_media":384113,"comment_status":"","ping_status":"","sticky":false,"template":"","format":"standard","meta":{"footnotes":""},"categories":[2817],"tags":[1111,11,10489,1997,1777,674,1011,27,12,2219,25],"class_list":{"0":"post-384112","1":"post","2":"type-post","3":"status-publish","4":"format-standard","5":"has-post-thumbnail","7":"category-bordeaux","8":"tag-actu","9":"tag-actualites","10":"tag-bombe","11":"tag-bordeaux","12":"tag-eu","13":"tag-europe","14":"tag-fr","15":"tag-france","16":"tag-news","17":"tag-nouvelle-aquitaine","18":"tag-republique-francaise"},"share_on_mastodon":{"url":"https:\/\/pubeurope.com\/@fr\/115188703188333523","error":""},"_links":{"self":[{"href":"https:\/\/www.europesays.com\/fr\/wp-json\/wp\/v2\/posts\/384112","targetHints":{"allow":["GET"]}}],"collection":[{"href":"https:\/\/www.europesays.com\/fr\/wp-json\/wp\/v2\/posts"}],"about":[{"href":"https:\/\/www.europesays.com\/fr\/wp-json\/wp\/v2\/types\/post"}],"author":[{"embeddable":true,"href":"https:\/\/www.europesays.com\/fr\/wp-json\/wp\/v2\/users\/2"}],"replies":[{"embeddable":true,"href":"https:\/\/www.europesays.com\/fr\/wp-json\/wp\/v2\/comments?post=384112"}],"version-history":[{"count":0,"href":"https:\/\/www.europesays.com\/fr\/wp-json\/wp\/v2\/posts\/384112\/revisions"}],"wp:featuredmedia":[{"embeddable":true,"href":"https:\/\/www.europesays.com\/fr\/wp-json\/wp\/v2\/media\/384113"}],"wp:attachment":[{"href":"https:\/\/www.europesays.com\/fr\/wp-json\/wp\/v2\/media?parent=384112"}],"wp:term":[{"taxonomy":"category","embeddable":true,"href":"https:\/\/www.europesays.com\/fr\/wp-json\/wp\/v2\/categories?post=384112"},{"taxonomy":"post_tag","embeddable":true,"href":"https:\/\/www.europesays.com\/fr\/wp-json\/wp\/v2\/tags?post=384112"}],"curies":[{"name":"wp","href":"https:\/\/api.w.org\/{rel}","templated":true}]}}