{"id":384119,"date":"2025-09-12T01:24:25","date_gmt":"2025-09-12T01:24:25","guid":{"rendered":"https:\/\/www.europesays.com\/fr\/384119\/"},"modified":"2025-09-12T01:24:25","modified_gmt":"2025-09-12T01:24:25","slug":"pres-de-lille-une-grande-convention-pop-culture-manga-et-comics-gratuite-ce-samedi","status":"publish","type":"post","link":"https:\/\/www.europesays.com\/fr\/384119\/","title":{"rendered":"Pr\u00e8s de Lille, une grande convention pop culture, manga et comics gratuite ce samedi"},"content":{"rendered":"<p>            Par<br \/>\n        <strong><br \/>\n            <a href=\"https:\/\/actu.fr\/auteur\/redaction-lille\" title=\"Consulter tous les articles de R\u00e9daction Lille\" target=\"_blank\" rel=\"noopener\">R\u00e9daction Lille<\/a><br \/>\n        <\/strong><\/p>\n<p>        Publi\u00e9 le<\/p>\n<p>            11 sept. 2025 \u00e0 11h10        <\/p>\n<p data-end=\"785\">Voil\u00e0 un bel \u00e9v\u00e9nement pour les fans de <b>pop culture, manga et comics<\/b>. Ce samedi 13\u00a0septembre 2025, de 10\u2009h \u00e0 18\u2009h\u200930 \u00e0 la salle Desmulliez de <a href=\"https:\/\/actu.fr\/hauts-de-france\/lys-lez-lannoy_59367\" target=\"_blank\" rel=\"noopener\">Lys-lez-Lannoy<\/a>, pr\u00e8s de <a href=\"https:\/\/actu.fr\/hauts-de-france\/lille_59350\" target=\"_blank\" rel=\"noopener\">Lille<\/a> (Nord), se d\u00e9roulera en effet la quatri\u00e8me \u00e9dition du <b>Lys Comix<\/b>. Et en plus c\u2019est <b>gratuit<\/b>\u2009!<\/p>\n<p>Ce qui vous attend ce samedi pour le Lys Comix pr\u00e8s de Lille<\/p>\n<p data-end=\"785\" class=\" wall-content\">Au programme\u2009: des <b>animations enti\u00e8rement gratuites<\/b> telles qu\u2019un <b>escape game<\/b>, des<b> ateliers manga<\/b> ou encore un <b>laser game<\/b> pour toute la famille. Fans et collectionneurs pourront \u00e9galement d\u00e9ambuler parmi la dizaine d\u2019<b>exposants de comics, figurines et jeux vid\u00e9o<\/b>.<\/p>\n<p data-end=\"1055\" class=\" wall-content\">Lys Comix est aussi l\u2019occasion pour les amateurs de cin\u00e9ma de rencontrer de nombreux invit\u00e9s lors de <b>s\u00e9ances photos et d\u00e9dicaces<\/b>. Plusieurs com\u00e9diens de doublage \u2013 voix fran\u00e7aises de Batman, Matt Damon, Captain America ou encore Ryan Gosling \u2013 seront de la partie.<\/p>\n<p data-end=\"1055\" class=\" wall-content\">\n<a href=\"https:\/\/www.instagram.com\/p\/DMhxeH6sPx9\/embed\" title=\"Ouvrir le lien sur Instagram\" target=\"_blank\" rel=\"noopener\">Visualiser le contenu sur Instagram<\/a><\/p>\n<p data-end=\"1188\" class=\" wall-content\">Depuis 2021, cette convention pop culture, manga et comics rassemble petits et grands, avec pr\u00e8s de 3\u2009000\u00a0visiteurs chaque ann\u00e9e.<\/p>\n<p data-end=\"1188\" class=\" wall-content\"><b>Zo\u00e9 Hondt<\/b><\/p>\n<p class=\" wall-content\">Personnalisez votre actualit\u00e9 en ajoutant vos villes et m\u00e9dias en favori avec <a href=\"https:\/\/moncompte.actu.fr\" title=\"D\u00e9couvez Mon Actu\" rel=\"nofollow noopener\" data-trk=\"{&quot;cta&quot;:{&quot;action&quot;:&quot;https:\\\/\\\/moncompte.actu.fr&quot;,&quot;category&quot;:&quot;mon compte&quot;,&quot;from&quot;:&quot;article footer&quot;,&quot;name&quot;:&quot;Mon actu&quot;,&quot;type&quot;:&quot;cta&quot;}}\" target=\"_blank\">Mon Actu<\/a>.<\/p>\n<p>                    <script async src=\"\/\/www.instagram.com\/embed.js\"><\/script><\/p>\n","protected":false},"excerpt":{"rendered":"Par R\u00e9daction Lille Publi\u00e9 le 11 sept. 2025 \u00e0 11h10 Voil\u00e0 un bel \u00e9v\u00e9nement pour les fans de&hellip;\n","protected":false},"author":2,"featured_media":384120,"comment_status":"","ping_status":"","sticky":false,"template":"","format":"standard","meta":{"footnotes":""},"categories":[2815],"tags":[1111,11,1777,674,1011,27,811,1307,1652,6681,12,25],"class_list":{"0":"post-384119","1":"post","2":"type-post","3":"status-publish","4":"format-standard","5":"has-post-thumbnail","7":"category-lille","8":"tag-actu","9":"tag-actualites","10":"tag-eu","11":"tag-europe","12":"tag-fr","13":"tag-france","14":"tag-hauts-de-france","15":"tag-lille","16":"tag-loisirs-culture","17":"tag-manga","18":"tag-news","19":"tag-republique-francaise"},"share_on_mastodon":{"url":"https:\/\/pubeurope.com\/@fr\/115188718889050646","error":""},"_links":{"self":[{"href":"https:\/\/www.europesays.com\/fr\/wp-json\/wp\/v2\/posts\/384119","targetHints":{"allow":["GET"]}}],"collection":[{"href":"https:\/\/www.europesays.com\/fr\/wp-json\/wp\/v2\/posts"}],"about":[{"href":"https:\/\/www.europesays.com\/fr\/wp-json\/wp\/v2\/types\/post"}],"author":[{"embeddable":true,"href":"https:\/\/www.europesays.com\/fr\/wp-json\/wp\/v2\/users\/2"}],"replies":[{"embeddable":true,"href":"https:\/\/www.europesays.com\/fr\/wp-json\/wp\/v2\/comments?post=384119"}],"version-history":[{"count":0,"href":"https:\/\/www.europesays.com\/fr\/wp-json\/wp\/v2\/posts\/384119\/revisions"}],"wp:featuredmedia":[{"embeddable":true,"href":"https:\/\/www.europesays.com\/fr\/wp-json\/wp\/v2\/media\/384120"}],"wp:attachment":[{"href":"https:\/\/www.europesays.com\/fr\/wp-json\/wp\/v2\/media?parent=384119"}],"wp:term":[{"taxonomy":"category","embeddable":true,"href":"https:\/\/www.europesays.com\/fr\/wp-json\/wp\/v2\/categories?post=384119"},{"taxonomy":"post_tag","embeddable":true,"href":"https:\/\/www.europesays.com\/fr\/wp-json\/wp\/v2\/tags?post=384119"}],"curies":[{"name":"wp","href":"https:\/\/api.w.org\/{rel}","templated":true}]}}