{"id":384123,"date":"2025-09-12T01:26:20","date_gmt":"2025-09-12T01:26:20","guid":{"rendered":"https:\/\/www.europesays.com\/fr\/384123\/"},"modified":"2025-09-12T01:26:20","modified_gmt":"2025-09-12T01:26:20","slug":"90-enquetes-samu-pompiers-urgences-vitales-dans-les-quartiers-nord-de-marseille-90-enquetes","status":"publish","type":"post","link":"https:\/\/www.europesays.com\/fr\/384123\/","title":{"rendered":"90&prime; Enqu\u00eates &#8211; Samu, pompiers : urgences vitales dans les quartiers Nord de Marseille &#8211; 90&prime; Enqu\u00eates"},"content":{"rendered":"<p id=\"descriptionPanel\" class=\"text-secondary mr-2 line-clamp-2 pr-2.5 overflow-visible\">L&rsquo;H\u00f4pital Nord de Marseille : c\u2019est l\u2019un des embl\u00e8mes des quartiers nord de la cit\u00e9 Phoc\u00e9enne. Implant\u00e9 dans le quartier de Saint-Antoine, dans le 15\u00e8me arrondissement, ce monstre de b\u00e9ton construit en 1964, est l\u2019un des plus grands et des plus sensibles de France.&#13;Pendant plusieurs mois, nous avons partag\u00e9 le quotidien des 150 m\u00e9decins, infirmiers, brancardiers, agents d\u2019accueil, qui se relaient jour et nuit pour assurer leur mission et sauver des vies. Accidents de la route, blessures par armes blanches, troubles psychologiques, d\u00e9tresse respiratoire,  crises cardiaques : c\u2019est le quotidien de ces hommes et de ces femmes, dans ce quartier d\u00e9favoris\u00e9 \u00e0 la r\u00e9putation sulfureuse, o\u00f9 la violence et les incivilit\u00e9s sont fr\u00e9quentes. A l\u2019accueil des urgences de l\u2019h\u00f4pital Nord, il faut savoir garder son sang froid !&#13;Nous avons \u00e9galement suivi les missions des m\u00e9decins du SAMU et des infirmiers des Sapeurs-Pompiers des bouches du Rh\u00f4ne, souvent en premi\u00e8re ligne pour apporter les premiers secours.&#13;Qui sont ces professionnels d\u00e9vou\u00e9s ? Comment g\u00e8rent-ils les urgences les plus vitales ?&#13;Parmi eux, vous d\u00e9couvrirez Bertrand, 43 ans, l\u2019un des infirmiers les plus exp\u00e9riment\u00e9s de l\u2019H\u00f4pital Nord, 9 ans au service des Urgences. Ce p\u00e8re de famille, affable et p\u00e9dagogue avec les patients a eu la vocation sur le tard : apr\u00e8s une premi\u00e8re carri\u00e8re pass\u00e9e dans le commerce, il a tout plaqu\u00e9 car il avait le besoin de se sentir utile et d\u2019aider les autres. Une exp\u00e9rience qui lui sert \u00e0 g\u00e9rer les situations les plus insolites : malades imaginaires, victimes de coup de couteau ou bagarres dans le hall d\u2019accueil entre patients agressifs.&#13;Nous avons \u00e9galement partag\u00e9 le quotidien de La\u00efla, une infirmi\u00e8re urgentiste des sapeurs-pompiers, une professionnelle chevronn\u00e9e qui a parcouru le monde entier et effectu\u00e9 les sauvetages les plus p\u00e9rilleux sur de nombreux th\u00e9\u00e2tres de catastrophes naturelles. Accident de scooter impliquant des adolescents ou prise en charge d\u2019une victime tomb\u00e9e dans le coma suite \u00e0 une bagarre\u2026 Confront\u00e9e aux situations les plus extr\u00eames, La\u00efla ne perd jamais ses moyens. &#13;Vous suivrez \u00e9galement le travail de Patrick, urgentiste aupr\u00e8s du SAMU de Marseille. M\u00eame dans les cas les plus graves, il sait toujours trouver les mots justes pour rassurer. Comme avec cette petite fille de 6 ans victime d\u2019un grave accident de la route, bless\u00e9e au dos\u2026 et sans nouvelle de sa maman admise quelques chambres plus loin en r\u00e9animation !<\/p>\n<p>Afficher la version longue du r\u00e9sum\u00e9<a class=\"shrink-0\" href=\"https:\/\/www.tf1.fr\/tmc\/90-enquetes\" target=\"_blank\" rel=\"noopener\"><img decoding=\"async\" src=\"https:\/\/www.europesays.com\/fr\/wp-content\/uploads\/2025\/07\/flux-vignette-portrait-90enquetes-2023-141aa0-2935d7-e7882e-0@1x.jpg\" width=\"138\" height=\"184\" alt=\"\" loading=\"eager\" fetchpriority=\"auto\" class=\"rounded-3px aspect-[3\/4] h-24 w-auto\" aria-hidden=\"true\"\/><\/a><\/p>\n","protected":false},"excerpt":{"rendered":"L&rsquo;H\u00f4pital Nord de Marseille : c\u2019est l\u2019un des embl\u00e8mes des quartiers nord de la cit\u00e9 Phoc\u00e9enne. Implant\u00e9 dans&hellip;\n","protected":false},"author":2,"featured_media":384124,"comment_status":"","ping_status":"","sticky":false,"template":"","format":"standard","meta":{"footnotes":""},"categories":[2814],"tags":[19770,19769,51685,51690,51694,51683,51691,51695,51688,51687,1111,11,2889,19768,51684,51027,1777,674,1011,27,884,12,882,25,19772,51689,51692,51693,19771,51686],"class_list":{"0":"post-384123","1":"post","2":"type-post","3":"status-publish","4":"format-standard","5":"has-post-thumbnail","7":"category-marseille","8":"tag-90-enquetes","9":"tag-90-enquetes-emission","10":"tag-90-enquetes-emission-tmc","11":"tag-90-enquetes-streaming","12":"tag-90-enquetes-streaming-gratuit","13":"tag-90-enquetes-tmc","14":"tag-90-enquetes-tmc-streaming","15":"tag-90-enquetes-tmc-streaming-gratuit","16":"tag-90-enquetes-tmc-video","17":"tag-90-enquetes-video","18":"tag-actu","19":"tag-actualites","20":"tag-emission","21":"tag-emission-90-enquetes","22":"tag-emission-90-enquetes-tmc","23":"tag-emission-tmc","24":"tag-eu","25":"tag-europe","26":"tag-fr","27":"tag-france","28":"tag-marseille","29":"tag-news","30":"tag-provence-alpes-cote-dazur","31":"tag-republique-francaise","32":"tag-streaming-90-enquetes","33":"tag-streaming-90-enquetes-tmc","34":"tag-streaming-gratuit-90-enquetes","35":"tag-streaming-gratuit-90-enquetes-tmc","36":"tag-video-90-enquetes","37":"tag-video-90-enquetes-tmc"},"share_on_mastodon":{"url":"","error":"Validation failed: Text character limit of 500 exceeded"},"_links":{"self":[{"href":"https:\/\/www.europesays.com\/fr\/wp-json\/wp\/v2\/posts\/384123","targetHints":{"allow":["GET"]}}],"collection":[{"href":"https:\/\/www.europesays.com\/fr\/wp-json\/wp\/v2\/posts"}],"about":[{"href":"https:\/\/www.europesays.com\/fr\/wp-json\/wp\/v2\/types\/post"}],"author":[{"embeddable":true,"href":"https:\/\/www.europesays.com\/fr\/wp-json\/wp\/v2\/users\/2"}],"replies":[{"embeddable":true,"href":"https:\/\/www.europesays.com\/fr\/wp-json\/wp\/v2\/comments?post=384123"}],"version-history":[{"count":0,"href":"https:\/\/www.europesays.com\/fr\/wp-json\/wp\/v2\/posts\/384123\/revisions"}],"wp:featuredmedia":[{"embeddable":true,"href":"https:\/\/www.europesays.com\/fr\/wp-json\/wp\/v2\/media\/384124"}],"wp:attachment":[{"href":"https:\/\/www.europesays.com\/fr\/wp-json\/wp\/v2\/media?parent=384123"}],"wp:term":[{"taxonomy":"category","embeddable":true,"href":"https:\/\/www.europesays.com\/fr\/wp-json\/wp\/v2\/categories?post=384123"},{"taxonomy":"post_tag","embeddable":true,"href":"https:\/\/www.europesays.com\/fr\/wp-json\/wp\/v2\/tags?post=384123"}],"curies":[{"name":"wp","href":"https:\/\/api.w.org\/{rel}","templated":true}]}}