{"id":384125,"date":"2025-09-12T01:27:14","date_gmt":"2025-09-12T01:27:14","guid":{"rendered":"https:\/\/www.europesays.com\/fr\/384125\/"},"modified":"2025-09-12T01:27:14","modified_gmt":"2025-09-12T01:27:14","slug":"previsions-du-vendredi-12-septembre-2025-8","status":"publish","type":"post","link":"https:\/\/www.europesays.com\/fr\/384125\/","title":{"rendered":"pr\u00e9visions du vendredi 12 septembre 2025"},"content":{"rendered":"<p>Lyon va vivre une belle journ\u00e9e particuli\u00e8rement ensoleill\u00e9e. Les maximales pourront atteindre 23\u00b0C tandis que les minimales seront de 13\u00b0C. Un vent de sud-est rafra\u00eechira l\u00e9g\u00e8rement l&rsquo;atmosph\u00e8re. Les temp\u00e9ratures tourneront autour des 18\u00b0C dans la matin\u00e9e. Les valeurs vont conna\u00eetre une hausse de quelques degr\u00e9s lors de l&rsquo;apr\u00e8s-midi. Les valeurs iront de 21 \u00e0 23\u00b0C. Le ciel sera assez lumineux, avec quelques \u00e9claircies le soir. Les temp\u00e9ratures seront de 17\u00b0C. Une nuit claire vous attendra entre vendredi et samedi.<\/p>\n<p>L&rsquo;air ambiant va se r\u00e9chauffer demain \u00e0 Lyon avec une augmentation de quelques degr\u00e9s. Les temp\u00e9ratures seront comprises entre 14 et 23\u00b0C. Le ciel va s&rsquo;\u00e9claircir au cours de la matin\u00e9e. Un vent de sud-est soufflera un peu, avec 4 km\/h. Demain apr\u00e8s-midi, le soleil risque d&rsquo;\u00eatre masqu\u00e9 par des nuages. Des averses sont annonc\u00e9es et peuvent perturber les activit\u00e9s ext\u00e9rieures. Les valeurs afficheront entre 17\u00b0C et 23\u00b0C. Il y a une menace d&rsquo;averses demain soir. Il va faire environ 15\u00b0C. Un vent de nord-ouest soufflera doucement.<\/p>\n<p>La m\u00e9t\u00e9o restera inchang\u00e9e les prochains jours. Comptez sur 26\u00b0C en moyenne qui accompagneront des journ\u00e9es ensoleill\u00e9es.<\/p>\n<p><\/p>\n","protected":false},"excerpt":{"rendered":"Lyon va vivre une belle journ\u00e9e particuli\u00e8rement ensoleill\u00e9e. Les maximales pourront atteindre 23\u00b0C tandis que les minimales seront&hellip;\n","protected":false},"author":2,"featured_media":384126,"comment_status":"","ping_status":"","sticky":false,"template":"","format":"standard","meta":{"footnotes":""},"categories":[1889],"tags":[1111,11,2430,1777,674,1011,27,2428,12,2119,25,2429,2431],"class_list":{"0":"post-384125","1":"post","2":"type-post","3":"status-publish","4":"format-standard","5":"has-post-thumbnail","7":"category-lyon","8":"tag-actu","9":"tag-actualites","10":"tag-auvergne-rhone-alpes","11":"tag-eu","12":"tag-europe","13":"tag-fr","14":"tag-france","15":"tag-lyon","16":"tag-news","17":"tag-previsions-meteo","18":"tag-republique-francaise","19":"tag-rhone","20":"tag-rhone-alpes"},"share_on_mastodon":{"url":"https:\/\/pubeurope.com\/@fr\/115188731083433170","error":""},"_links":{"self":[{"href":"https:\/\/www.europesays.com\/fr\/wp-json\/wp\/v2\/posts\/384125","targetHints":{"allow":["GET"]}}],"collection":[{"href":"https:\/\/www.europesays.com\/fr\/wp-json\/wp\/v2\/posts"}],"about":[{"href":"https:\/\/www.europesays.com\/fr\/wp-json\/wp\/v2\/types\/post"}],"author":[{"embeddable":true,"href":"https:\/\/www.europesays.com\/fr\/wp-json\/wp\/v2\/users\/2"}],"replies":[{"embeddable":true,"href":"https:\/\/www.europesays.com\/fr\/wp-json\/wp\/v2\/comments?post=384125"}],"version-history":[{"count":0,"href":"https:\/\/www.europesays.com\/fr\/wp-json\/wp\/v2\/posts\/384125\/revisions"}],"wp:featuredmedia":[{"embeddable":true,"href":"https:\/\/www.europesays.com\/fr\/wp-json\/wp\/v2\/media\/384126"}],"wp:attachment":[{"href":"https:\/\/www.europesays.com\/fr\/wp-json\/wp\/v2\/media?parent=384125"}],"wp:term":[{"taxonomy":"category","embeddable":true,"href":"https:\/\/www.europesays.com\/fr\/wp-json\/wp\/v2\/categories?post=384125"},{"taxonomy":"post_tag","embeddable":true,"href":"https:\/\/www.europesays.com\/fr\/wp-json\/wp\/v2\/tags?post=384125"}],"curies":[{"name":"wp","href":"https:\/\/api.w.org\/{rel}","templated":true}]}}