{"id":384127,"date":"2025-09-12T01:28:29","date_gmt":"2025-09-12T01:28:29","guid":{"rendered":"https:\/\/www.europesays.com\/fr\/384127\/"},"modified":"2025-09-12T01:28:29","modified_gmt":"2025-09-12T01:28:29","slug":"un-jeune-de-19-ans-se-livre-a-la-police-apres-le-deces-dun-homme-de-22-ans-par-balles-2","status":"publish","type":"post","link":"https:\/\/www.europesays.com\/fr\/384127\/","title":{"rendered":"Un jeune de 19 ans se livre \u00e0 la police apr\u00e8s le d\u00e9c\u00e8s d\u2019un homme de 22 ans par balles"},"content":{"rendered":"<p>C\u2019est une grande avanc\u00e9e dans l\u2019enqu\u00eate sur le <a href=\"https:\/\/www.20minutes.fr\/faits_divers\/4172376-20250910-lyon-homme-22-ans-urgence-absolue-apres-avoir-blesse-balle\" target=\"_blank\" class=\"c-link c-link--is-underlined\" rel=\"noopener\">meurtre d\u2019un homme de 22 ans<\/a>, gri\u00e8vement bless\u00e9 par balles mercredi soir \u00e0 <a href=\"https:\/\/www.20minutes.fr\/lyon\/\" target=\"_blank\" class=\"c-link c-link--is-underlined\" rel=\"noopener\">Lyon<\/a> et d\u00e9c\u00e9d\u00e9 \u00e0 l\u2019h\u00f4pital dans la nuit, a annonc\u00e9 la police \u00e0 l\u2019AFP. Un jeune homme de 19 ans s\u2019est rendu jeudi \u00e0 la <a href=\"https:\/\/www.20minutes.fr\/dossier\/police\" target=\"_blank\" class=\"c-link c-link--is-underlined\" rel=\"noopener\">police<\/a> en pr\u00e9tendant \u00eatre l\u2019auteur des tirs. La victime, touch\u00e9e dans une rue du centre-ville, avait \u00e9t\u00e9 hospitalis\u00e9e en d\u00e9but de soir\u00e9e en arr\u00eat cardio-respiratoire.<\/p>\n<p>\u00ab\u00a0Un individu de 19 ans s\u2019est pr\u00e9sent\u00e9 en fin de matin\u00e9e au commissariat de <a href=\"https:\/\/www.20minutes.fr\/dossier\/villeurbanne\" target=\"_blank\" class=\"c-link c-link--is-underlined\" rel=\"noopener\">Villeurbanne<\/a>\u00a0\u00bb, dans la banlieue de Lyon, \u00ab\u00a0pr\u00e9tendant \u00eatre l\u2019auteur des tirs mortels\u00a0\u00bb, a indiqu\u00e9 \u00e0 l\u2019AFP une responsable de la police, ajoutant qu\u2019il a \u00e9t\u00e9 plac\u00e9 en garde \u00e0 vue.<\/p>\n<p>Une enqu\u00eate ouverte<\/p>\n<p>Une <a href=\"https:\/\/www.20minutes.fr\/dossier\/enquete\" target=\"_blank\" class=\"c-link c-link--is-underlined\" rel=\"noopener\">enqu\u00eate<\/a> pour tentative de meurtre avait \u00e9t\u00e9 ouverte dans la soir\u00e9e mercredi, avait annonc\u00e9 le parquet, pr\u00e9cisant que, selon les premiers \u00e9l\u00e9ments recueillis, les tirs \u00ab\u00a0seraient survenus \u00e0 la suite d\u2019une rixe\u00a0\u00bb.<\/p>\n<p><a href=\"https:\/\/www.20minutes.fr\/faits_divers\/faits-divers-lyon\/\" target=\"_blank\" class=\"c-link c-btn c-btn--primary\" rel=\"noopener\">Notre dossier sur les faits divers \u00e0 Lyon<\/a><\/p>\n<p>Aucun lien n\u2019a \u00e9t\u00e9 \u00e9tabli, \u00e0 ce stade, avec les manifestations du mouvement \u00ab\u00a0<a href=\"https:\/\/www.20minutes.fr\/diaporama\/diaporama-4172318-images-barrages-manifestations-violences-france-bloquons-tout\" target=\"_blank\" class=\"c-link c-link--is-underlined\" rel=\"noopener\">Bloquons tout<\/a>\u00a0\u00bb, qui ont rassembl\u00e9 8.000 personnes \u00e0 Lyon mercredi, \u00e9maill\u00e9es d\u2019affrontements sporadiques avec les forces de l\u2019ordre et de d\u00e9gradations, avait pr\u00e9cis\u00e9 la pr\u00e9fecture mercredi soir.<\/p>\n","protected":false},"excerpt":{"rendered":"C\u2019est une grande avanc\u00e9e dans l\u2019enqu\u00eate sur le meurtre d\u2019un homme de 22 ans, gri\u00e8vement bless\u00e9 par balles&hellip;\n","protected":false},"author":2,"featured_media":384128,"comment_status":"","ping_status":"","sticky":false,"template":"","format":"standard","meta":{"footnotes":""},"categories":[1889],"tags":[1111,47,11,2430,1067,1777,674,118,1011,27,2428,777,12,1072,8916,25,2429,2431,6345],"class_list":{"0":"post-384127","1":"post","2":"type-post","3":"status-publish","4":"format-standard","5":"has-post-thumbnail","7":"category-lyon","8":"tag-actu","9":"tag-actualite","10":"tag-actualites","11":"tag-auvergne-rhone-alpes","12":"tag-enquete","13":"tag-eu","14":"tag-europe","15":"tag-faits-divers","16":"tag-fr","17":"tag-france","18":"tag-lyon","19":"tag-meurtre","20":"tag-news","21":"tag-police","22":"tag-prefecture","23":"tag-republique-francaise","24":"tag-rhone","25":"tag-rhone-alpes","26":"tag-villeurbanne"},"share_on_mastodon":{"url":"https:\/\/pubeurope.com\/@fr\/115188734559902418","error":""},"_links":{"self":[{"href":"https:\/\/www.europesays.com\/fr\/wp-json\/wp\/v2\/posts\/384127","targetHints":{"allow":["GET"]}}],"collection":[{"href":"https:\/\/www.europesays.com\/fr\/wp-json\/wp\/v2\/posts"}],"about":[{"href":"https:\/\/www.europesays.com\/fr\/wp-json\/wp\/v2\/types\/post"}],"author":[{"embeddable":true,"href":"https:\/\/www.europesays.com\/fr\/wp-json\/wp\/v2\/users\/2"}],"replies":[{"embeddable":true,"href":"https:\/\/www.europesays.com\/fr\/wp-json\/wp\/v2\/comments?post=384127"}],"version-history":[{"count":0,"href":"https:\/\/www.europesays.com\/fr\/wp-json\/wp\/v2\/posts\/384127\/revisions"}],"wp:featuredmedia":[{"embeddable":true,"href":"https:\/\/www.europesays.com\/fr\/wp-json\/wp\/v2\/media\/384128"}],"wp:attachment":[{"href":"https:\/\/www.europesays.com\/fr\/wp-json\/wp\/v2\/media?parent=384127"}],"wp:term":[{"taxonomy":"category","embeddable":true,"href":"https:\/\/www.europesays.com\/fr\/wp-json\/wp\/v2\/categories?post=384127"},{"taxonomy":"post_tag","embeddable":true,"href":"https:\/\/www.europesays.com\/fr\/wp-json\/wp\/v2\/tags?post=384127"}],"curies":[{"name":"wp","href":"https:\/\/api.w.org\/{rel}","templated":true}]}}