{"id":384131,"date":"2025-09-12T01:31:17","date_gmt":"2025-09-12T01:31:17","guid":{"rendered":"https:\/\/www.europesays.com\/fr\/384131\/"},"modified":"2025-09-12T01:31:17","modified_gmt":"2025-09-12T01:31:17","slug":"une-agression-a-larme-blanche-dans-le-7e-arrondissement-de-paris-un-suspect-en-fuite","status":"publish","type":"post","link":"https:\/\/www.europesays.com\/fr\/384131\/","title":{"rendered":"Une agression \u00e0 l&rsquo;arme blanche dans le 7e arrondissement de Paris, un suspect en fuite"},"content":{"rendered":"\n<p class=\"c-chapo \">\n  La victime, bless\u00e9e, a \u00e9t\u00e9 prise en charge sans que son pronostic vital ne soit engag\u00e9. L&rsquo;auteur est \u00ab\u00a0activement recherch\u00e9\u00a0\u00bb.\n<\/p>\n<p>            lire plus tard<\/p>\n<p id=\"dialog__title\" class=\"dialog__title\">Pour sauvegarder cet article, connectez-vous ou cr\u00e9ez un compte franceinfo<\/p>\n<p class=\"dialog__description\">Sans paiement. Sans abonnement.<\/p>\n<p>        Fermer la fen\u00eatre d\u2019activation des notifications France Info<\/p>\n<p>            cr\u00e9er votre compte<\/p>\n<p>            se connecter<\/p>\n<p>        Fermer la fen\u00eatre de pr\u00e9sentation<\/p>\n<p>    <img loading=\"lazy\" decoding=\"async\" class=\"signature__image lazyload\" width=\"100\" height=\"100\" data- alt=\"\" src=\"https:\/\/www.europesays.com\/fr\/wp-content\/uploads\/2025\/05\/64a7df4c5fe71_placeholder-36b69ec8.png\"\/><\/p>\n<p>    Publi\u00e9 le 11\/09\/2025 21:43<\/p>\n<p>        Temps de lecture : 1min<\/p>\n<p>    <img decoding=\"async\"  alt=\"Le suspect, en fuite, est toujours &quot;activement recherch\u00e9&quot;. (LOIC VENANCE \/ AFP)\" width=\"432\" height=\"243\" src=\"https:\/\/www.europesays.com\/fr\/wp-content\/uploads\/2025\/09\/000-363996h-68c325f6988bf591372740.jpg\" fetchpriority=\"high\"\/><\/p>\n<p>      Le suspect, en fuite, est toujours \u00ab\u00a0activement recherch\u00e9\u00a0\u00bb. (LOIC VENANCE \/ AFP)<\/p>\n<p>Un homme a \u00e9t\u00e9 bless\u00e9 \u00e0 l&rsquo;arme blanche \u00ab\u00a0en fin de journ\u00e9e\u00a0\u00bb \u00e0 Paris dans le 7e arrondissement de Paris, indique la pr\u00e9fecture de police \u00e0 l&rsquo;Agence Radio France jeudi 11 septembre, confirmant une information du journal <a href=\"https:\/\/www.leparisien.fr\/paris-75\/paris-une-attaque-a-larme-blanche-fait-un-blesse-dans-le-viie-arrondissement-lauteur-en-fuite-11-09-2025-SSZLKJSWFZG5VBUZLDFRBOHEN4.php\" target=\"_blank\" rel=\"noopener nofollow\">Le Parisien<\/a>. La victime a \u00e9t\u00e9 prise en charge par les secours \u00ab\u00a0sans pronostic vital engag\u00e9\u00a0\u00bb. Vers 21 heures, le suspect qui a pris la fuite \u00e9tait toujours \u00ab\u00a0activement recherch\u00e9\u00a0\u00bb, a ajout\u00e9 la pr\u00e9fecture de police. Un p\u00e9rim\u00e8tre de s\u00e9curit\u00e9 a \u00e9t\u00e9 mis en place. Une \u00e9cole primaire a \u00e9galement \u00e9t\u00e9 \u00e9vacu\u00e9e sans incident.<\/p>\n<p>Le parquet de Paris informe \u00e9galement avoir saisi le 3e district de police judiciaire d&rsquo;une enqu\u00eate en tentative d&rsquo;assassinat. Toujours selon le parquet, \u00e0 la suite d&rsquo;une altercation survenue sur la voie publique avenue de Breteuil, un t\u00e9moin indique avoir vu un homme revenir sur les lieux, \u00e0 l&rsquo;angle de l&rsquo;avenue de Saxe, avec un \u00ab\u00a0hachoir\u00a0\u00bb. C&rsquo;est avec cette arme qu&rsquo;il aurait frapp\u00e9 la t\u00eate de la victime avant de lui porter d&rsquo;autres coups et de prendre la fuite. La victime est un riverain \u00e2g\u00e9 de 51 ans.<\/p>\n<blockquote class=\"twitter-tweet\">\n<p lang=\"fr\" dir=\"ltr\">\ud83d\udd34 Intervention en cours place de Breteuil \u00e0 <a href=\"https:\/\/twitter.com\/hashtag\/Paris7?src=hash&amp;ref_src=twsrc%5Etfw\" rel=\"nofollow noopener\" target=\"_blank\">#Paris7<\/a>, pour une agression \u00e0 l\u2019arme blanche d\u2019une personne prise en charge par les secours sans pronostic vital engag\u00e9. Tout est mis en \u0153uvre pour retrouver l\u2019auteur le plus rapidement possible. <a href=\"https:\/\/t.co\/2VubsMXPKm\" rel=\"nofollow\">pic.twitter.com\/2VubsMXPKm<\/a><\/p>\n<p>\u2014 Pr\u00e9fecture de Police (@prefpolice) <a href=\"https:\/\/twitter.com\/prefpolice\/status\/1966208284786139420?ref_src=twsrc%5Etfw\" rel=\"nofollow noopener\" target=\"_blank\">September 11, 2025<\/a><\/p><\/blockquote>\n<p>Sur son compte X, la pr\u00e9fecture de police pr\u00e9cise qu&rsquo;une \u00ab\u00a0intervention est en cours place de Breteuil\u00a0\u00bb, dans le 7e arrondissement \u00e0 Paris. \u00ab\u00a0\u00c9vitez le secteur\u00a0\u00bb, peut-on lire dans ce message. \u00ab\u00a0Tout est mis en \u0153uvre pour retrouver l&rsquo;auteur le plus rapidement possible\u00a0\u00bb.<\/p>\n<p><script async src=\"https:\/\/platform.twitter.com\/widgets.js\" charset=\"utf-8\"><\/script><\/p>\n","protected":false},"excerpt":{"rendered":"La victime, bless\u00e9e, a \u00e9t\u00e9 prise en charge sans que son pronostic vital ne soit engag\u00e9. L&rsquo;auteur est&hellip;\n","protected":false},"author":2,"featured_media":384132,"comment_status":"","ping_status":"","sticky":false,"template":"","format":"standard","meta":{"footnotes":""},"categories":[1888],"tags":[1111,1928,11,1927,1777,674,1011,27,12,1926,626,1925,25],"class_list":{"0":"post-384131","1":"post","2":"type-post","3":"status-publish","4":"format-standard","5":"has-post-thumbnail","7":"category-paris","8":"tag-actu","9":"tag-actu-paris","10":"tag-actualites","11":"tag-actualites-paris","12":"tag-eu","13":"tag-europe","14":"tag-fr","15":"tag-france","16":"tag-news","17":"tag-news-paris","18":"tag-paris","19":"tag-paris-news","20":"tag-republique-francaise"},"share_on_mastodon":{"url":"https:\/\/pubeurope.com\/@fr\/115188746495505457","error":""},"_links":{"self":[{"href":"https:\/\/www.europesays.com\/fr\/wp-json\/wp\/v2\/posts\/384131","targetHints":{"allow":["GET"]}}],"collection":[{"href":"https:\/\/www.europesays.com\/fr\/wp-json\/wp\/v2\/posts"}],"about":[{"href":"https:\/\/www.europesays.com\/fr\/wp-json\/wp\/v2\/types\/post"}],"author":[{"embeddable":true,"href":"https:\/\/www.europesays.com\/fr\/wp-json\/wp\/v2\/users\/2"}],"replies":[{"embeddable":true,"href":"https:\/\/www.europesays.com\/fr\/wp-json\/wp\/v2\/comments?post=384131"}],"version-history":[{"count":0,"href":"https:\/\/www.europesays.com\/fr\/wp-json\/wp\/v2\/posts\/384131\/revisions"}],"wp:featuredmedia":[{"embeddable":true,"href":"https:\/\/www.europesays.com\/fr\/wp-json\/wp\/v2\/media\/384132"}],"wp:attachment":[{"href":"https:\/\/www.europesays.com\/fr\/wp-json\/wp\/v2\/media?parent=384131"}],"wp:term":[{"taxonomy":"category","embeddable":true,"href":"https:\/\/www.europesays.com\/fr\/wp-json\/wp\/v2\/categories?post=384131"},{"taxonomy":"post_tag","embeddable":true,"href":"https:\/\/www.europesays.com\/fr\/wp-json\/wp\/v2\/tags?post=384131"}],"curies":[{"name":"wp","href":"https:\/\/api.w.org\/{rel}","templated":true}]}}