{"id":384133,"date":"2025-09-12T01:32:13","date_gmt":"2025-09-12T01:32:13","guid":{"rendered":"https:\/\/www.europesays.com\/fr\/384133\/"},"modified":"2025-09-12T01:32:13","modified_gmt":"2025-09-12T01:32:13","slug":"apres-une-altercation-dans-la-rue-un-homme-en-attaque-un-autre-a-larme-blanche-et-prend-la-fuite-2","status":"publish","type":"post","link":"https:\/\/www.europesays.com\/fr\/384133\/","title":{"rendered":"Apr\u00e8s une altercation dans la rue, un homme en attaque un autre \u00e0 l\u2019arme blanche et prend la fuite"},"content":{"rendered":"<p>\u00c0 la suite d&rsquo;une altercation survenue sur la voie publique, un homme de 51 ans a \u00e9t\u00e9 bless\u00e9 au cr\u00e2ne et au bras en fin de journ\u00e9e ce jeudi \u00e0 Paris. L\u2019attaque \u00e0 l\u2019arme blanche est survenue avenue de Breteuil, dans le 7e\u00a0arrondissement de <a href=\"https:\/\/www.20minutes.fr\/paris\/\" class=\"c-link c-link--is-underlined\" rel=\"nofollow noopener\" target=\"_blank\">l<\/a>a capitale a appris 20 Minutes de source polici\u00e8re, confirmant une information du <a href=\"https:\/\/www.leparisien.fr\/paris-75\/paris-une-attaque-a-larme-blanche-fait-un-blesse-dans-le-viie-arrondissement-lauteur-en-fuite-11-09-2025-SSZLKJSWFZG5VBUZLDFRBOHEN4.php\" rel=\"nofollow noopener\" target=\"_blank\" class=\"c-link c-link--is-underlined\">Parisien<\/a>. <\/p>\n<p>La victime, un riverain, a \u00e9t\u00e9 transport\u00e9e \u00e0 l\u2019h\u00f4pital sans que son pronostic vital ne soit engag\u00e9. Le parquet de Paris a saisi le 3\u00e8me district de police judiciaire d\u2019une enqu\u00eate pour tentative d\u2019assassinat.<\/p>\n<p>Le suspect en fuite<\/p>\n<p>Un t\u00e9moin indique avoir vu un homme revenir sur les lieux, \u00e0 l\u2019angle de l\u2019avenue de Saxe, avec un \u00ab hachoir \u00bb, qu&rsquo;il a utilis\u00e9 pour frapper la t\u00eate de la victime avant de lui porter d\u2019autre coups et de prendre la fuite. <\/p>\n<p>L\u2019agresseur n\u2019a pas \u00e9t\u00e9 appr\u00e9hend\u00e9. Il a pris la fuite en direction des Invalides et est actuellement activement recherch\u00e9. Un p\u00e9rim\u00e8tre de s\u00e9curit\u00e9 a \u00e9t\u00e9 mis en place et une \u00e9cole primaire a \u00e9t\u00e9 \u00e9vacu\u00e9e sans incident. Pour l\u2019heure, les motivations de l\u2019agression demeurent inconnues.<\/p>\n<p>..\/.. Plus d\u2019informations \u00e0 venir<\/p>\n","protected":false},"excerpt":{"rendered":"\u00c0 la suite d&rsquo;une altercation survenue sur la voie publique, un homme de 51 ans a \u00e9t\u00e9 bless\u00e9&hellip;\n","protected":false},"author":2,"featured_media":384134,"comment_status":"","ping_status":"","sticky":false,"template":"","format":"standard","meta":{"footnotes":""},"categories":[1888],"tags":[1111,1928,47,11,1927,1120,7623,1777,674,118,1011,27,662,12,1926,626,1925,25],"class_list":{"0":"post-384133","1":"post","2":"type-post","3":"status-publish","4":"format-standard","5":"has-post-thumbnail","7":"category-paris","8":"tag-actu","9":"tag-actu-paris","10":"tag-actualite","11":"tag-actualites","12":"tag-actualites-paris","13":"tag-agression","14":"tag-coup-de-couteau","15":"tag-eu","16":"tag-europe","17":"tag-faits-divers","18":"tag-fr","19":"tag-france","20":"tag-ile-de-france","21":"tag-news","22":"tag-news-paris","23":"tag-paris","24":"tag-paris-news","25":"tag-republique-francaise"},"share_on_mastodon":{"url":"https:\/\/pubeurope.com\/@fr\/115188750322110890","error":""},"_links":{"self":[{"href":"https:\/\/www.europesays.com\/fr\/wp-json\/wp\/v2\/posts\/384133","targetHints":{"allow":["GET"]}}],"collection":[{"href":"https:\/\/www.europesays.com\/fr\/wp-json\/wp\/v2\/posts"}],"about":[{"href":"https:\/\/www.europesays.com\/fr\/wp-json\/wp\/v2\/types\/post"}],"author":[{"embeddable":true,"href":"https:\/\/www.europesays.com\/fr\/wp-json\/wp\/v2\/users\/2"}],"replies":[{"embeddable":true,"href":"https:\/\/www.europesays.com\/fr\/wp-json\/wp\/v2\/comments?post=384133"}],"version-history":[{"count":0,"href":"https:\/\/www.europesays.com\/fr\/wp-json\/wp\/v2\/posts\/384133\/revisions"}],"wp:featuredmedia":[{"embeddable":true,"href":"https:\/\/www.europesays.com\/fr\/wp-json\/wp\/v2\/media\/384134"}],"wp:attachment":[{"href":"https:\/\/www.europesays.com\/fr\/wp-json\/wp\/v2\/media?parent=384133"}],"wp:term":[{"taxonomy":"category","embeddable":true,"href":"https:\/\/www.europesays.com\/fr\/wp-json\/wp\/v2\/categories?post=384133"},{"taxonomy":"post_tag","embeddable":true,"href":"https:\/\/www.europesays.com\/fr\/wp-json\/wp\/v2\/tags?post=384133"}],"curies":[{"name":"wp","href":"https:\/\/api.w.org\/{rel}","templated":true}]}}