{"id":384135,"date":"2025-09-12T01:33:15","date_gmt":"2025-09-12T01:33:15","guid":{"rendered":"https:\/\/www.europesays.com\/fr\/384135\/"},"modified":"2025-09-12T01:33:15","modified_gmt":"2025-09-12T01:33:15","slug":"venez-decouvrir-navigo-liberte-a-la-mairie","status":"publish","type":"post","link":"https:\/\/www.europesays.com\/fr\/384135\/","title":{"rendered":"Venez d\u00e9couvrir Navigo Libert\u00e9+ \u00e0 la Mairie"},"content":{"rendered":"<p>\n  Entre le 11 septembre et le 2 octobre dans le hall de la mairie, quatre matin\u00e9es de d\u00e9couverte du moyen de paiement simple et \u00e9conomique des transports en \u00cele-de-France.\n<\/p>\n<p>\n  Le 1er janvier 2025 a marqu\u00e9 le d\u00e9but d&rsquo;une \u00e9volution dans les titres de transport en \u00cele-de-France. L&rsquo;historique ticket en carton est appel\u00e9 \u00e0 s&rsquo;effacer progressivement au cours de l&rsquo;ann\u00e9e pour laisser la place \u00e0 de nouveaux supports et services. Avec lui dispara\u00eet la tarification du ticket t+, remplac\u00e9e par une tarification \u00ab\u00a0de surface\u00a0\u00bb bus\/tram et une autre pour les trains\/RER\/m\u00e9tro, non d\u00e9pendantes de la distance (sauf pour les a\u00e9roports).\n<\/p>\n<p>\n  Les voyageurs occasionnels ont d\u00e9sormais le choix entre la carte Navigo Easy, h\u00e9riti\u00e8re du carnet de tickets puisque rechargeable par 10 unit\u00e9s, et une application sur smartphone introduite progressivement \u00e0 partir de 2022. Cette derni\u00e8re voit son aboutissement dans le service <strong>Navigo Libert\u00e9+<\/strong>, qui permet de payer seulement les trajets effectu\u00e9s, et cela \u00e0 un prix avantageux.\n<\/p>\n<p>\n  Les avantages de la carte <strong>Navigo Libert\u00e9+<\/strong> sont les suivants\u00a0:\n<\/p>\n<ul class=\"list\">\n<li data-controller=\"list\">\n<p><strong>Gagner du temps<\/strong>\u00a0: pas de passe \u00e0 recharger, pas de file d&rsquo;attente en gare ou station, pas besoin d&rsquo;anticiper.<\/p>\n<\/li>\n<li data-controller=\"list\">\n<p><strong>Profiter de tarifs avantageux<\/strong>\u00a0: 1,60\u00a0\u20ac (TR 0,80\u00a0\u20ac) pour un trajet en bus ou tramway au lieu de 2\u00a0\u20ac (TR 1\u00a0\u20ac) avec Navigo Easy\u00a0; 1,99\u00a0\u20ac (TR 0,99\u00a0\u20ac) en m\u00e9tro, RER ou train (hors trajets a\u00e9roports) au lieu de 2,50\u00a0\u20ac (TR 1,25\u00a0\u20ac) avec Navigo Easy.<\/p>\n<\/li>\n<li data-controller=\"list\">\n    <strong>Ne payer que selon vos besoins<\/strong>, les trajets d\u00e9j\u00e0 effectu\u00e9s, sur facturation d\u00e9bit\u00e9e par pr\u00e9l\u00e8vement automatique le mois suivant. Votre d\u00e9pense journali\u00e8re est plafonn\u00e9e au prix d&rsquo;un Forfait Navigo Jour, soit 12\u00a0\u20ac. Vous pouvez suivre votre consommation dans votre espace personnel sur <a href=\"https:\/\/www.iledefrance-mobilites.fr\/\" rel=\"nofollow noopener\" target=\"_blank\">iledefrance-mobilit\u00e9s.fr<\/a>. La souscription au service n&rsquo;entra\u00eene aucun frais.\n  <\/li>\n<li data-controller=\"list\">\n<p><strong>B\u00e9n\u00e9ficier des correspondances gratuites<\/strong>\u00a0: passer librement du r\u00e9seau m\u00e9tro\/RER au r\u00e9seau de surface bus\/tram sans avoir \u00e0 payer les deux tarifications, dans la limite d&rsquo;une dur\u00e9e de 2\u00a0h ou 1\u00a0h \u00bd, suivant le sens.<\/p>\n<\/li>\n<\/ul>\n<p>\n  \u00cele-de-France Mobilit\u00e9s propose quatre matin\u00e9es de d\u00e9couverte dans le hall de la Mairie de Paris Centre, 2 rue Eug\u00e8ne-Spuller, dans le 3\u00e8me arrondissement\u00a0:\n<\/p>\n<tr class=\"paris-table-tr\">\n<\/tr>\n<tr class=\"paris-table-tr\">\n<td class=\"paris-table-td\">\n            jeudi 11\/09\/2025\n          <\/td>\n<td class=\"paris-table-td\">\n            de 9h00 \u00e0 12h30\n          <\/td>\n<\/tr>\n<tr class=\"paris-table-tr\">\n<td class=\"paris-table-td\">\n            jeudi 18\/09\/2025\n          <\/td>\n<td class=\"paris-table-td\">\n            de 9h00 \u00e0 12h30\n          <\/td>\n<\/tr>\n<tr class=\"paris-table-tr\">\n<td class=\"paris-table-td\">\n            jeudi 25\/09\/2025\n          <\/td>\n<td class=\"paris-table-td\">\n            de 9h00 \u00e0 12h30\n          <\/td>\n<\/tr>\n<tr class=\"paris-table-tr\">\n<td class=\"paris-table-td\">\n            jeudi 02\/10\/2025\n          <\/td>\n<td class=\"paris-table-td\">\n            de 9h00 \u00e0 12h30\n          <\/td>\n<\/tr>\n<p>          jeudi 11\/09\/2025<\/p>\n<p>          jeudi 18\/09\/2025<\/p>\n<p>          jeudi 25\/09\/2025<\/p>\n<p>          jeudi 02\/10\/2025<\/p>\n","protected":false},"excerpt":{"rendered":"Entre le 11 septembre et le 2 octobre dans le hall de la mairie, quatre matin\u00e9es de d\u00e9couverte&hellip;\n","protected":false},"author":2,"featured_media":384136,"comment_status":"","ping_status":"","sticky":false,"template":"","format":"standard","meta":{"footnotes":""},"categories":[1888],"tags":[11,1777,674,1011,27,12,626,25],"class_list":{"0":"post-384135","1":"post","2":"type-post","3":"status-publish","4":"format-standard","5":"has-post-thumbnail","7":"category-paris","8":"tag-actualites","9":"tag-eu","10":"tag-europe","11":"tag-fr","12":"tag-france","13":"tag-news","14":"tag-paris","15":"tag-republique-francaise"},"share_on_mastodon":{"url":"https:\/\/pubeurope.com\/@fr\/115188754252798233","error":""},"_links":{"self":[{"href":"https:\/\/www.europesays.com\/fr\/wp-json\/wp\/v2\/posts\/384135","targetHints":{"allow":["GET"]}}],"collection":[{"href":"https:\/\/www.europesays.com\/fr\/wp-json\/wp\/v2\/posts"}],"about":[{"href":"https:\/\/www.europesays.com\/fr\/wp-json\/wp\/v2\/types\/post"}],"author":[{"embeddable":true,"href":"https:\/\/www.europesays.com\/fr\/wp-json\/wp\/v2\/users\/2"}],"replies":[{"embeddable":true,"href":"https:\/\/www.europesays.com\/fr\/wp-json\/wp\/v2\/comments?post=384135"}],"version-history":[{"count":0,"href":"https:\/\/www.europesays.com\/fr\/wp-json\/wp\/v2\/posts\/384135\/revisions"}],"wp:featuredmedia":[{"embeddable":true,"href":"https:\/\/www.europesays.com\/fr\/wp-json\/wp\/v2\/media\/384136"}],"wp:attachment":[{"href":"https:\/\/www.europesays.com\/fr\/wp-json\/wp\/v2\/media?parent=384135"}],"wp:term":[{"taxonomy":"category","embeddable":true,"href":"https:\/\/www.europesays.com\/fr\/wp-json\/wp\/v2\/categories?post=384135"},{"taxonomy":"post_tag","embeddable":true,"href":"https:\/\/www.europesays.com\/fr\/wp-json\/wp\/v2\/tags?post=384135"}],"curies":[{"name":"wp","href":"https:\/\/api.w.org\/{rel}","templated":true}]}}