{"id":384137,"date":"2025-09-12T01:34:19","date_gmt":"2025-09-12T01:34:19","guid":{"rendered":"https:\/\/www.europesays.com\/fr\/384137\/"},"modified":"2025-09-12T01:34:19","modified_gmt":"2025-09-12T01:34:19","slug":"paris-une-agression-a-larme-blanche-dans-le-7e-arrondissement-le-suspect-est-toujours-en-fuite","status":"publish","type":"post","link":"https:\/\/www.europesays.com\/fr\/384137\/","title":{"rendered":"Paris\u00a0: une agression \u00e0 l&rsquo;arme blanche dans le 7e arrondissement, le suspect est toujours en fuite"},"content":{"rendered":"<p>Une personne a \u00e9t\u00e9 agress\u00e9e \u00e0 l&rsquo;arme blanche dans le 7e arrondissement de Paris ce jeudi en fin de journ\u00e9e. Le suspect \u00e9tait toujours en fuite ce jeudi soir. <\/p>\n<p>Une agression \u00e0 l&rsquo;arme blanche s&rsquo;est d\u00e9roul\u00e9e <strong>dans le 7e arrondissement de Paris<\/strong> en fin de journ\u00e9e ce jeudi, a appris l&rsquo;Agence de radio France, confirmant une information du Parisien. La victime a \u00e9t\u00e9 prise en charge par les secours, son pronostic vital n&rsquo;est pas engag\u00e9. Le suspect, lui, est toujours en fuite. La pr\u00e9fecture de police assure que \u00ab\u00a0tout est mis en \u0153uvre\u00a0\u00bb pour le retrouver \u00ab\u00a0le plus rapidement possible\u00a0\u00bb.<\/p>\n<p>La pr\u00e9fecture de police recommande d&rsquo;\u00e9viter le secteur<\/p>\n<p><strong>Un p\u00e9rim\u00e8tre de s\u00e9curit\u00e9 a \u00e9t\u00e9 mis en place<\/strong>, une \u00e9cole primaire a d&rsquo;ailleurs \u00e9t\u00e9 \u00e9vacu\u00e9e dans le secteur, sans incidents. La pr\u00e9fecture de police recommande aux Parisiens d&rsquo;\u00e9viter le secteur de la place de Breteuil.<\/p>\n","protected":false},"excerpt":{"rendered":"Une personne a \u00e9t\u00e9 agress\u00e9e \u00e0 l&rsquo;arme blanche dans le 7e arrondissement de Paris ce jeudi en fin&hellip;\n","protected":false},"author":2,"featured_media":384138,"comment_status":"","ping_status":"","sticky":false,"template":"","format":"standard","meta":{"footnotes":""},"categories":[1888],"tags":[11,1777,674,1011,27,12,626,25],"class_list":{"0":"post-384137","1":"post","2":"type-post","3":"status-publish","4":"format-standard","5":"has-post-thumbnail","7":"category-paris","8":"tag-actualites","9":"tag-eu","10":"tag-europe","11":"tag-fr","12":"tag-france","13":"tag-news","14":"tag-paris","15":"tag-republique-francaise"},"share_on_mastodon":{"url":"https:\/\/pubeurope.com\/@fr\/115188758181526883","error":""},"_links":{"self":[{"href":"https:\/\/www.europesays.com\/fr\/wp-json\/wp\/v2\/posts\/384137","targetHints":{"allow":["GET"]}}],"collection":[{"href":"https:\/\/www.europesays.com\/fr\/wp-json\/wp\/v2\/posts"}],"about":[{"href":"https:\/\/www.europesays.com\/fr\/wp-json\/wp\/v2\/types\/post"}],"author":[{"embeddable":true,"href":"https:\/\/www.europesays.com\/fr\/wp-json\/wp\/v2\/users\/2"}],"replies":[{"embeddable":true,"href":"https:\/\/www.europesays.com\/fr\/wp-json\/wp\/v2\/comments?post=384137"}],"version-history":[{"count":0,"href":"https:\/\/www.europesays.com\/fr\/wp-json\/wp\/v2\/posts\/384137\/revisions"}],"wp:featuredmedia":[{"embeddable":true,"href":"https:\/\/www.europesays.com\/fr\/wp-json\/wp\/v2\/media\/384138"}],"wp:attachment":[{"href":"https:\/\/www.europesays.com\/fr\/wp-json\/wp\/v2\/media?parent=384137"}],"wp:term":[{"taxonomy":"category","embeddable":true,"href":"https:\/\/www.europesays.com\/fr\/wp-json\/wp\/v2\/categories?post=384137"},{"taxonomy":"post_tag","embeddable":true,"href":"https:\/\/www.europesays.com\/fr\/wp-json\/wp\/v2\/tags?post=384137"}],"curies":[{"name":"wp","href":"https:\/\/api.w.org\/{rel}","templated":true}]}}