{"id":384139,"date":"2025-09-12T01:35:14","date_gmt":"2025-09-12T01:35:14","guid":{"rendered":"https:\/\/www.europesays.com\/fr\/384139\/"},"modified":"2025-09-12T01:35:14","modified_gmt":"2025-09-12T01:35:14","slug":"pour-donald-trump-lintrusion-de-drones-en-pologne-est-peut-etre-une-erreur-de-la-russie","status":"publish","type":"post","link":"https:\/\/www.europesays.com\/fr\/384139\/","title":{"rendered":"Pour Donald Trump, l\u2019intrusion de drones en Pologne est peut-\u00eatre une \u00aberreur\u00bb de la Russie"},"content":{"rendered":"<p>Le pr\u00e9sident am\u00e9ricain a r\u00e9agi jeudi \u00e0 l\u2019intrusion de drones pr\u00e9sum\u00e9s russes sur le territoire de la Pologne.<\/p>\n<p class=\"fig-paragraph\"><a href=\"https:\/\/www.lefigaro.fr\/tag\/donald-trump\" target=\"_blank\" rel=\"sponsored noopener\" data-gtm-custom-categorie=\"navigation\" data-gtm-custom-action=\"crossclick\" data-gtm-custom-label=\"Contextuel\" data-gtm-event=\"customEventSPE\">Donald Trump<\/a>\u00a0a estim\u00e9 jeudi 11 septembre que l\u2019intrusion de drones pr\u00e9sum\u00e9s russes dans l\u2019espace a\u00e9rien polonais \u00e9tait peut-\u00eatre le r\u00e9sultat d\u2019une \u00aberreur\u00bb de la part de la Russie, semblant minimiser quelque peu l\u2019incident que Varsovie et l\u2019OTAN prennent tr\u00e8s au s\u00e9rieux.<\/p>\n<p class=\"fig-paragraph\">\u00abCela a pu \u00eatre une erreur\u00bb, a-t-il r\u00e9pondu aux journalistes qui l\u2019interrogeaient sur l\u2019intrusion de drones en Pologne dans la nuit de mardi \u00e0 mercredi, jug\u00e9e d\u00e9lib\u00e9r\u00e9e par Varsovie. \u00abMais quoi qu\u2019il en soit, je ne suis pas content de quoi que ce soit dans cette situation.\u00bb \u00abJe ne suis satisfait de rien concernant l\u2019ensemble de la situation, mais j\u2019esp\u00e8re que cela va prendre fin\u00bb, a ajout\u00e9 le locataire de la Maison-Blanche.<\/p>\n<p>                                    <a class=\"fig-a11y-skip a11y-hidden\" href=\"#fig-a11y-skip-main-inarticle\"><br \/>\n        Passer la publicit\u00e9<br \/>\n    <\/a><\/p>\n<p>La Pologne en alerte maximale<\/p>\n<p class=\"fig-paragraph\">Cette sortie intervient alors que les autorit\u00e9s polonaises ainsi que ses alli\u00e9s occidentaux accusent la Russie d\u2019avoir d\u00e9lib\u00e9r\u00e9ment cibl\u00e9 la Pologne dans la nuit de mardi \u00e0 mercredi lors d\u2019une incursion d\u2019une dizaine de drones.<\/p>\n<p class=\"fig-paragraph\">Au moins \u00ab19 violations\u00bb de l\u2019espace a\u00e9rien polonais ont \u00e9t\u00e9 recens\u00e9es par les autorit\u00e9s locales. Face au danger, des avions polonais et n\u00e9erlandais, des F-35 et F-16 notamment, sont intervenus pour intercepter cette incursion de drones dans le ciel polonais, a indiqu\u00e9 un porte-parole de l\u2019Otan. Des batteries allemandes de Patriot, syst\u00e8mes de d\u00e9fense anti-a\u00e9rienne de conception am\u00e9ricaine, pr\u00e9sentes en Pologne, ont \u00e9galement \u00e9t\u00e9 activ\u00e9es, selon cette m\u00eame source.<\/p>\n<p class=\"fig-paragraph\">La Pologne et ses alli\u00e9s occidentaux ont rapidement d\u00e9nonc\u00e9 mercredi une \u00abviolation\u00bb \u00abintentionnelle\u00bb de l\u2019espace a\u00e9rien ainsi qu\u2019une \u00abprovocation\u00bb de la part de la Russie. En r\u00e9action aux diff\u00e9rentes accusations, le minist\u00e8re russe des Affaires \u00e9trang\u00e8res a\u00a0<a href=\"http:\/\/www.lefigaro.fr\/international\/drones-abattus-en-pologne-moscou-accuse-varsovie-de-propager-des-mythes-pour-aggraver-la-guerre-en-ukraine-20250910\" target=\"_blank\" data-fig-type=\"NewsFlash\" rel=\"noopener\" data-gtm-custom-categorie=\"navigation\" data-gtm-custom-action=\"crossclick\" data-gtm-custom-label=\"Contextuel\" data-gtm-event=\"customEventSPE\" data-fig-domain=\"LEFIGARO\">accus\u00e9 la Pologne de vouloir \u00abaggraver\u00bb le conflit en Ukraine<\/a>\u00a0en propageant des \u00abmythes\u00bb concernant l\u2019intrusion de drones.<\/p>\n","protected":false},"excerpt":{"rendered":"Le pr\u00e9sident am\u00e9ricain a r\u00e9agi jeudi \u00e0 l\u2019intrusion de drones pr\u00e9sum\u00e9s russes sur le territoire de la Pologne.&hellip;\n","protected":false},"author":2,"featured_media":384140,"comment_status":"","ping_status":"","sticky":false,"template":"","format":"standard","meta":{"footnotes":""},"categories":[1591],"tags":[11,75,1887,131,12,2437,1885,1886,132],"class_list":{"0":"post-384139","1":"post","2":"type-post","3":"status-publish","4":"format-standard","5":"has-post-thumbnail","7":"category-russie","8":"tag-actualites","9":"tag-donald-trump","10":"tag-federation-de-russie","11":"tag-guerre-en-ukraine","12":"tag-news","13":"tag-pologne","14":"tag-russia","15":"tag-russian-federation","16":"tag-russie"},"share_on_mastodon":{"url":"https:\/\/pubeurope.com\/@fr\/115188762304296708","error":""},"_links":{"self":[{"href":"https:\/\/www.europesays.com\/fr\/wp-json\/wp\/v2\/posts\/384139","targetHints":{"allow":["GET"]}}],"collection":[{"href":"https:\/\/www.europesays.com\/fr\/wp-json\/wp\/v2\/posts"}],"about":[{"href":"https:\/\/www.europesays.com\/fr\/wp-json\/wp\/v2\/types\/post"}],"author":[{"embeddable":true,"href":"https:\/\/www.europesays.com\/fr\/wp-json\/wp\/v2\/users\/2"}],"replies":[{"embeddable":true,"href":"https:\/\/www.europesays.com\/fr\/wp-json\/wp\/v2\/comments?post=384139"}],"version-history":[{"count":0,"href":"https:\/\/www.europesays.com\/fr\/wp-json\/wp\/v2\/posts\/384139\/revisions"}],"wp:featuredmedia":[{"embeddable":true,"href":"https:\/\/www.europesays.com\/fr\/wp-json\/wp\/v2\/media\/384140"}],"wp:attachment":[{"href":"https:\/\/www.europesays.com\/fr\/wp-json\/wp\/v2\/media?parent=384139"}],"wp:term":[{"taxonomy":"category","embeddable":true,"href":"https:\/\/www.europesays.com\/fr\/wp-json\/wp\/v2\/categories?post=384139"},{"taxonomy":"post_tag","embeddable":true,"href":"https:\/\/www.europesays.com\/fr\/wp-json\/wp\/v2\/tags?post=384139"}],"curies":[{"name":"wp","href":"https:\/\/api.w.org\/{rel}","templated":true}]}}