{"id":384143,"date":"2025-09-12T01:37:15","date_gmt":"2025-09-12T01:37:15","guid":{"rendered":"https:\/\/www.europesays.com\/fr\/384143\/"},"modified":"2025-09-12T01:37:15","modified_gmt":"2025-09-12T01:37:15","slug":"du-conflit-a-la-cooperation-festival-pour-sceller-30-ans-de-relations-vietnam","status":"publish","type":"post","link":"https:\/\/www.europesays.com\/fr\/384143\/","title":{"rendered":"Du conflit \u00e0 la coop\u00e9ration: festival pour sceller 30 ans de relations Vietnam"},"content":{"rendered":"<p>Le Festival d\u2019amiti\u00e9 Vietnam \u2013 \u00c9tats-Unis a \u00e9t\u00e9 officiellement inaugur\u00e9 le 6 septembre 2025 en soir\u00e9e, \u00e0 H\u00f4 Chi Minh-Ville. Cet \u00e9v\u00e9nement comm\u00e9more le 30e anniversaire de l\u2019\u00e9tablissement des relations diplomatiques entre les deux pays, initi\u00e9es en 1995. Il s\u2019inscrit dans une s\u00e9rie d\u2019activit\u00e9s comm\u00e9moratives organis\u00e9es \u00e0 travers le pays, notamment \u00e0 Da Nang, C\u00e2n Tho et Hano\u00ef.<\/p>\n<p>Une organisation conjointe pour symboliser la coop\u00e9ration<\/p>\n<p>La c\u00e9r\u00e9monie a \u00e9t\u00e9 organis\u00e9e en partenariat par l\u2019Union des organisations d\u2019amiti\u00e9 du Vietnam (VUFO), la Mission diplomatique des \u00c9tats-Unis au Vietnam et le Comit\u00e9 populaire de H\u00f4 Chi Minh-Ville. Dans son discours inaugural, D\u00f4ng Huy Cuong, vice-pr\u00e9sident de la VUFO, a soulign\u00e9 que les relations entre le Vietnam et les \u00c9tats-Unis repr\u00e9sentaient un mod\u00e8le de r\u00e9conciliation. Il a mis en avant leur \u00e9volution vers un partenariat strat\u00e9gique int\u00e9gral, reposant sur des bases solides telles que l\u2019\u00e9galit\u00e9, les int\u00e9r\u00eats communs et le d\u00e9veloppement durable.<\/p>\n<p class=\"p-empty\">\u00a0<\/p>\n<p><img alt=\"Le Festival d\u2019amiti\u00e9 Vietnam \u2013 \u00c9tats-Unis a \u00e9t\u00e9 officiellement inaugur\u00e9.\" loading=\"lazy\" decoding=\"async\" data-nimg=\"fill\" class=\"drupal__img undefined\" style=\"position:absolute;height:100%;width:100%;left:0;top:0;right:0;bottom:0;object-fit:cover;color:transparent\"   src=\"https:\/\/www.europesays.com\/fr\/wp-content\/uploads\/2025\/09\/1757641034_646_image\"\/>Le Festival d\u2019amiti\u00e9 Vietnam \u2013 \u00c9tats-Unis a \u00e9t\u00e9 officiellement inaugur\u00e9.<\/p>\n<p class=\"p-empty\">\u00a0<\/p>\n<p>Une relation renforc\u00e9e par les \u00e9changes humains<\/p>\n<p>De son c\u00f4t\u00e9, Melissa A. Brown, consule g\u00e9n\u00e9rale des \u00c9tats-Unis \u00e0 H\u00f4 Chi Minh-Ville, a insist\u00e9 sur la vitalit\u00e9 du dialogue entre les peuples. Elle a rappel\u00e9 que les relations bilat\u00e9rales se sont d\u00e9velopp\u00e9es dans de nombreux domaines cl\u00e9s : \u00e9conomie, \u00e9ducation, sant\u00e9, et technologie. Selon elle, l\u2019\u00e9l\u00e9vation du partenariat au niveau strat\u00e9gique int\u00e9gral en 2023 marque une avanc\u00e9e importante, fond\u00e9e sur la confiance, le respect mutuel et une vision partag\u00e9e de l\u2019avenir.<\/p>\n<p class=\"p-empty\">\u00a0<\/p>\n<p><img alt=\"\u00c9changes communautaires au festival.\" loading=\"lazy\" decoding=\"async\" data-nimg=\"fill\" class=\"drupal__img undefined\" style=\"position:absolute;height:100%;width:100%;left:0;top:0;right:0;bottom:0;object-fit:cover;color:transparent\"   src=\"https:\/\/www.europesays.com\/fr\/wp-content\/uploads\/2025\/09\/1757641034_75_image\"\/>\u00c9changes communautaires au festival<\/p>\n<p class=\"p-empty\">\u00a0<\/p>\n<p>Un festival ax\u00e9 sur la culture, la jeunesse et l\u2019amiti\u00e9<\/p>\n<p>Le festival a rassembl\u00e9 un public nombreux, compos\u00e9 majoritairement de jeunes et d\u2019\u00e9tudiants. Ils ont particip\u00e9 \u00e0 des animations vari\u00e9es : activit\u00e9s sportives, jeux traditionnels, d\u00e9couvertes culinaires am\u00e9ricaines, et expositions sur la coop\u00e9ration entre les deux pays.<\/p>\n<p class=\"p-empty\">\u00a0<\/p>\n<p><img alt=\"Vietnamiennes jouant \u00e0 un jeu folklorique\" loading=\"lazy\" decoding=\"async\" data-nimg=\"fill\" class=\"drupal__img undefined\" style=\"position:absolute;height:100%;width:100%;left:0;top:0;right:0;bottom:0;object-fit:cover;color:transparent\"   src=\"https:\/\/www.europesays.com\/fr\/wp-content\/uploads\/2025\/09\/1757641035_141_image\"\/>Vietnamiennes jouant \u00e0 un jeu folklorique<\/p>\n<p class=\"p-empty\">\u00a0<\/p>\n<p>Ces \u00e9changes culturels et communautaires illustrent la richesse des liens entre les peuples vietnamien et am\u00e9ricain.<\/p>\n<p>Un socle humain pour un partenariat durable<\/p>\n<p>\u00c0 travers ce festival, les organisateurs ont souhait\u00e9 rappeler que les relations humaines sont essentielles \u00e0 la solidit\u00e9 des liens diplomatiques. L\u2019\u00e9v\u00e9nement agit \u00e9galement comme un levier pour approfondir et enrichir la coop\u00e9ration strat\u00e9gique entre le Vietnam et les \u00c9tats-Unis, en mettant l\u2019accent sur la paix, la compr\u00e9hension mutuelle et le d\u00e9veloppement partag\u00e9.<\/p>\n","protected":false},"excerpt":{"rendered":"Le Festival d\u2019amiti\u00e9 Vietnam \u2013 \u00c9tats-Unis a \u00e9t\u00e9 officiellement inaugur\u00e9 le 6 septembre 2025 en soir\u00e9e, \u00e0 H\u00f4&hellip;\n","protected":false},"author":2,"featured_media":384144,"comment_status":"","ping_status":"","sticky":false,"template":"","format":"standard","meta":{"footnotes":""},"categories":[1589],"tags":[11,73,1866,12,1864,1865,1863,308],"class_list":{"0":"post-384143","1":"post","2":"type-post","3":"status-publish","4":"format-standard","5":"has-post-thumbnail","7":"category-etats-unis","8":"tag-actualites","9":"tag-etats-unis","10":"tag-etats-unis-damerique","11":"tag-news","12":"tag-united-states","13":"tag-united-states-of-america","14":"tag-us","15":"tag-usa"},"share_on_mastodon":{"url":"https:\/\/pubeurope.com\/@fr\/115188770147986566","error":""},"_links":{"self":[{"href":"https:\/\/www.europesays.com\/fr\/wp-json\/wp\/v2\/posts\/384143","targetHints":{"allow":["GET"]}}],"collection":[{"href":"https:\/\/www.europesays.com\/fr\/wp-json\/wp\/v2\/posts"}],"about":[{"href":"https:\/\/www.europesays.com\/fr\/wp-json\/wp\/v2\/types\/post"}],"author":[{"embeddable":true,"href":"https:\/\/www.europesays.com\/fr\/wp-json\/wp\/v2\/users\/2"}],"replies":[{"embeddable":true,"href":"https:\/\/www.europesays.com\/fr\/wp-json\/wp\/v2\/comments?post=384143"}],"version-history":[{"count":0,"href":"https:\/\/www.europesays.com\/fr\/wp-json\/wp\/v2\/posts\/384143\/revisions"}],"wp:featuredmedia":[{"embeddable":true,"href":"https:\/\/www.europesays.com\/fr\/wp-json\/wp\/v2\/media\/384144"}],"wp:attachment":[{"href":"https:\/\/www.europesays.com\/fr\/wp-json\/wp\/v2\/media?parent=384143"}],"wp:term":[{"taxonomy":"category","embeddable":true,"href":"https:\/\/www.europesays.com\/fr\/wp-json\/wp\/v2\/categories?post=384143"},{"taxonomy":"post_tag","embeddable":true,"href":"https:\/\/www.europesays.com\/fr\/wp-json\/wp\/v2\/tags?post=384143"}],"curies":[{"name":"wp","href":"https:\/\/api.w.org\/{rel}","templated":true}]}}