{"id":384163,"date":"2025-09-12T01:50:16","date_gmt":"2025-09-12T01:50:16","guid":{"rendered":"https:\/\/www.europesays.com\/fr\/384163\/"},"modified":"2025-09-12T01:50:16","modified_gmt":"2025-09-12T01:50:16","slug":"motogp-enea-bastianini-frappe-par-un-coup-du-sort-son-chef-dequipe-girabuola-quitte-ktm-pour-yamaha","status":"publish","type":"post","link":"https:\/\/www.europesays.com\/fr\/384163\/","title":{"rendered":"MotoGP, Enea Bastianini frapp\u00e9 par un coup du sort : son chef d&rsquo;\u00e9quipe Girabuola quitte KTM pour Yamaha"},"content":{"rendered":"<p><strong>\u00c0 peine une semaine apr\u00e8s avoir go\u00fbt\u00e9 \u00e0 son premier<br \/>\npodium en Grand Prix avec KTM, Enea Bastianini doit encaisser un<br \/>\nnouveau coup dur : son chef d\u2019\u00e9quipe Alberto Girabuola quitte<br \/>\nl\u2019aventure, pour la deuxi\u00e8me fois de sa carri\u00e8re MotoGP \u00e0 ses<br \/>\nc\u00f4t\u00e9s.<\/strong><\/p>\n<p><strong>Girabuola<\/strong>, longtemps chef d\u2019\u00e9quipe<br \/>\nd\u2019<strong>Andrea Dovizioso<\/strong>, avait rejoint<br \/>\n<strong>Bastianini<\/strong> lors de ses d\u00e9buts en MotoGP avec<br \/>\n<strong>Ducati<\/strong>. En 2023, il avait pris un r\u00f4le plus global<br \/>\nchez <a href=\"https:\/\/www.paddock-gp.com\/motogp-ktm-lance-un-ultimatum-si-ca-na-pas-de-sens-on-arrete\/\" target=\"_blank\" rel=\"noopener\"><br \/>\n<strong>KTM<\/strong><\/a> en tant que \u00ab\u00a0Track Performance<br \/>\nManager\u00a0\u00bb, avant de revenir au poste de chef d\u2019\u00e9quipe en 2024<br \/>\npour accompagner les d\u00e9buts de la \u201cBestia\u201d** chez<br \/>\n<strong>Tech3<\/strong>.<\/p>\n<p>Malgr\u00e9 des d\u00e9buts laborieux sur la RC16,<br \/>\n<strong>Bastianini<\/strong> a su relever la t\u00eate en milieu de<br \/>\nsaison, d\u00e9crochant un podium en Sprint \u00e0 Brno et surtout un premier<br \/>\npodium en GP \u00e0 Barcelone le week-end dernier. Une belle \u00e9claircie\u2026<br \/>\nmais qui restera comme le point final de leur collaboration.<\/p>\n<p><img loading=\"lazy\" decoding=\"async\" class=\"aligncenter size-full wp-image-1323262\" src=\"https:\/\/www.europesays.com\/fr\/wp-content\/uploads\/2025\/09\/Bastianini-1.jpg\" alt=\"Herv\u00e9 Poncharal\" width=\"745\" height=\"390\"  \/><\/p>\n<p><strong>Enea Bastianini : \u00ab<br \/>\nc\u2019est la deuxi\u00e8me fois que cette m\u00e9saventure m\u2019arrive avec<br \/>\nlui\u00a0\u00bb<\/strong><\/p>\n<p>Le pilote italien a r\u00e9agi avec une pointe d\u2019amertume \u00e0 Misano<br \/>\n:<\/p>\n<p>\u00ab C\u2019est la deuxi\u00e8me fois que cette m\u00e9saventure m\u2019arrive.<br \/>\n<strong>Il avait clairement besoin d\u2019un nouveau d\u00e9fi<\/strong><br \/>\n\u00bb, a confi\u00e9 <strong>Bastianini<\/strong> \u00e0 Sky Italia. Lui-m\u00eame<br \/>\navait d\u00e9j\u00e0 connu une s\u00e9paration avec <strong>Girabola en<br \/>\n2022<\/strong>, avant de travailler avec <strong>Marco<br \/>\nRigamonti<\/strong> durant deux saisons chez Ducati Lenovo.<br \/>\n<strong>Rigamonti<\/strong> est aujourd\u2019hui dans le box du leader du<br \/>\nchampionnat, <strong>Marc Marquez<\/strong>.<\/p>\n<p>L\u2019avenir de <strong>Girabuola<\/strong> semble d\u00e9j\u00e0 trac\u00e9 : il<br \/>\nest annonc\u00e9 avec insistance du c\u00f4t\u00e9 de <strong>Pramac<br \/>\nYamaha<\/strong>, o\u00f9 il pourrait devenir le <strong>chef d\u2019\u00e9quipe de<br \/>\nToprak Razgatlioglu<\/strong> d\u00e8s 2026.<\/p>\n<p>Une rumeur \u00e9tonnante puisque le Turc devrait initialement<br \/>\nd\u00e9barquer avec son homme de confiance en WorldSBK, <strong>Phil<br \/>\nMarron<\/strong>, qui l\u2019a accompagn\u00e9 chez Kawasaki, Yamaha et<br \/>\naujourd\u2019hui BMW. <strong>Marron<\/strong> avait d\u00e9j\u00e0 une exp\u00e9rience<br \/>\n<a href=\"https:\/\/www.motogp.com\/en\" target=\"_blank\" rel=\"noopener\">MotoGP,<\/a> notamment chez<br \/>\nAspar Ducati aux c\u00f4t\u00e9s d\u2019Eugene Laverty.<\/p>\n<p><img loading=\"lazy\" decoding=\"async\" class=\"aligncenter size-full wp-image-1328486\" src=\"https:\/\/www.europesays.com\/fr\/wp-content\/uploads\/2025\/09\/Enea-Bastianini-.jpg\" alt=\"Girabuola Enea Bastianini \" width=\"589\" height=\"332\"  \/><\/p>\n","protected":false},"excerpt":{"rendered":"\u00c0 peine une semaine apr\u00e8s avoir go\u00fbt\u00e9 \u00e0 son premier podium en Grand Prix avec KTM, Enea Bastianini&hellip;\n","protected":false},"author":2,"featured_media":384164,"comment_status":"","ping_status":"","sticky":false,"template":"","format":"standard","meta":{"footnotes":""},"categories":[1413],"tags":[1011,27,1457,1456,60],"class_list":{"0":"post-384163","1":"post","2":"type-post","3":"status-publish","4":"format-standard","5":"has-post-thumbnail","7":"category-moto","8":"tag-fr","9":"tag-france","10":"tag-moto","11":"tag-motocycle","12":"tag-sports"},"share_on_mastodon":{"url":"https:\/\/pubeurope.com\/@fr\/115188821360774043","error":""},"_links":{"self":[{"href":"https:\/\/www.europesays.com\/fr\/wp-json\/wp\/v2\/posts\/384163","targetHints":{"allow":["GET"]}}],"collection":[{"href":"https:\/\/www.europesays.com\/fr\/wp-json\/wp\/v2\/posts"}],"about":[{"href":"https:\/\/www.europesays.com\/fr\/wp-json\/wp\/v2\/types\/post"}],"author":[{"embeddable":true,"href":"https:\/\/www.europesays.com\/fr\/wp-json\/wp\/v2\/users\/2"}],"replies":[{"embeddable":true,"href":"https:\/\/www.europesays.com\/fr\/wp-json\/wp\/v2\/comments?post=384163"}],"version-history":[{"count":0,"href":"https:\/\/www.europesays.com\/fr\/wp-json\/wp\/v2\/posts\/384163\/revisions"}],"wp:featuredmedia":[{"embeddable":true,"href":"https:\/\/www.europesays.com\/fr\/wp-json\/wp\/v2\/media\/384164"}],"wp:attachment":[{"href":"https:\/\/www.europesays.com\/fr\/wp-json\/wp\/v2\/media?parent=384163"}],"wp:term":[{"taxonomy":"category","embeddable":true,"href":"https:\/\/www.europesays.com\/fr\/wp-json\/wp\/v2\/categories?post=384163"},{"taxonomy":"post_tag","embeddable":true,"href":"https:\/\/www.europesays.com\/fr\/wp-json\/wp\/v2\/tags?post=384163"}],"curies":[{"name":"wp","href":"https:\/\/api.w.org\/{rel}","templated":true}]}}