{"id":384171,"date":"2025-09-12T01:54:12","date_gmt":"2025-09-12T01:54:12","guid":{"rendered":"https:\/\/www.europesays.com\/fr\/384171\/"},"modified":"2025-09-12T01:54:12","modified_gmt":"2025-09-12T01:54:12","slug":"vraiment-decu-michael-jones-en-detresse-jean-jacques-goldman-le-met-dans-lembarras","status":"publish","type":"post","link":"https:\/\/www.europesays.com\/fr\/384171\/","title":{"rendered":"\u00ab\u00a0Vraiment d\u00e9\u00e7u\u00a0\u00bb : Michael Jones en d\u00e9tresse, Jean-Jacques Goldman le met dans l&#8217;embarras"},"content":{"rendered":"<p>Il ne sera <strong>pas sur sc\u00e8ne pour la tourn\u00e9e d\u2019adieu<\/strong> de l\u2019H\u00e9ritage Goldman et a souhait\u00e9 le clarifier lui-m\u00eame. Pendant trois ans, Michael Jones a sillonn\u00e9 la France pour reprendre les plus grands tubes de son ami et acolyte <a href=\"https:\/\/www.public.fr\/tag\/jean-jacques-goldman\" target=\"_blank\" rel=\"noopener\">Jean-Jacques Goldman<\/a>, \u00e0 travers le show H\u00e9ritage Goldman.\u00a0<\/p>\n<p>Mais depuis quelque temps, il ne fait plus partie du show et avait pr\u00e9venu au cours d\u2019un entretien accord\u00e9 au Midi Libre en septembre 2024. \u00ab\u00a0La r\u00e9ponse est simple. Si \u00e7a ne me plaisait, j\u2019arr\u00eaterais. Je prends toujours plaisir \u00e0 chanter ces chansons-l\u00e0\u00a0\u00bb, indiquait-il lorsque nos confr\u00e8res lui demandaient s\u2019il prenait toujours autant de plaisir d\u2019\u00eatre sur sc\u00e8ne et d\u2019interpr\u00e9ter <a href=\"https:\/\/www.public.fr\/jean-jacques-goldman-pour-celine-dion-il-revient-a-la-television\" target=\"_blank\" rel=\"noopener\">l\u2019univers musical de Jean-Jacques Goldman.<\/a><\/p>\n<p>N\u00e9anmoins, m\u00eame s\u2019il prenait toujours autant de plaisir, Michael Jones a pr\u00e9f\u00e9r\u00e9 s\u2019\u00e9loigner de l\u2019H\u00e9ritage Goldman pour une raison pr\u00e9cise : \u00ab\u00a0Mais comme je veux rester dans le plaisir, <strong>je vais arr\u00eater \u00e0 la fin de l\u2019ann\u00e9e<\/strong>\u00ab\u00a0. Depuis 2025, il ne fait donc plus partie du show.<\/p>\n<p>Michael Jones \u00ab\u00a0d\u00e9\u00e7u\u00a0\u00bb d&rsquo;apprendre de fausses rumeurs \u00e0 son sujet<\/p>\n<p>Mais ses fans l\u2019ont vraisemblablement oubli\u00e9. La preuve, avec la prise de parole du <a href=\"https:\/\/www.public.fr\/jean-jacques-goldman-monument-national-son-meilleur-ami-michael-jones-nen-revient-toujours-pas\" target=\"_blank\" rel=\"noopener\">chanteur britannique aux lunettes fum\u00e9es<\/a>, forc\u00e9 de s\u2019excuser aupr\u00e8s de ses fans apr\u00e8s un quiproquo li\u00e9 \u00e0 sa pr\u00e9sence annonc\u00e9e lors d\u2019un concert de la troupe.\u00a0<\/p>\n<p>\u00ab\u00a0<strong>Je suis navr\u00e9 et d\u00e9\u00e7u<\/strong> d\u2019apprendre ces fausses annonces \u00e0 mon sujet. Je publie donc ce message : Je ne fais pas de tourn\u00e9e d\u2019adieu avec \u2018H\u00e9ritage Goldman\u2019\u00a0\u00bb, a annonc\u00e9 Michael Jones dans une vid\u00e9o dans laquelle le chanteur de 73 ans appara\u00eet face cam\u00e9ra, attrist\u00e9.\u00a0<\/p>\n<p>S\u2019il a souhait\u00e9 s\u2019expliquer, c\u2019est parce que nombre de <strong>ses fans ont achet\u00e9 des places<\/strong> dans l\u2019espoir de le retrouver sur sc\u00e8ne pour les spectacles pr\u00e9vus du 13 septembre au 19 novembre 2025 et du 6 au 28 novembre 2026.\u00a0N\u00e9anmoins, m\u00eame s\u2019il ne montera pas sur sc\u00e8ne comme pr\u00e9vu, il a souhait\u00e9 rassurer sa communaut\u00e9 sur un point : <strong>il sera bien pr\u00e9sent pour f\u00eater ses 60 ans.<\/strong><\/p>\n<p>Il rassure n\u00e9anmoins ses fans et promet sa pr\u00e9sence pour la tourn\u00e9e de ses 60 ans de sc\u00e8ne<\/p>\n<p>En effet, l\u2019acolyte de <a href=\"https:\/\/vsd.fr\/tag\/jean-jacques-goldman\/\" target=\"_blank\" rel=\"noopener\">Jean-Jacques Goldman<\/a> a r\u00e9v\u00e9l\u00e9 qu\u2019il serait sur sc\u00e8ne et en tourn\u00e9e avec\u00a0Je passe mon Tour\u00a0qui c\u00e9l\u00e8bre ses 60 ans sur sc\u00e8ne ainsi que les 40 ans du tube\u00a0<strong>Je te donne<\/strong>\u00a0avec le p\u00e8re de <a href=\"https:\/\/www.public.fr\/tag\/michael-goldman\" target=\"_blank\" rel=\"noopener\">Michael Goldman<\/a> : \u00ab\u00a0Alors f\u00eatons \u00e7a ensemble, \u00e0 tr\u00e8s vite\u00a0!\u00a0\u00bb, a-t-il finalement conclu, sur une note beaucoup plus positive.\u00a0<\/p>\n<p>Une tourn\u00e9e qu\u2019il avait d\u00e9j\u00e0 \u00e9voqu\u00e9e, au m\u00eame moment de l\u2019annonce de son retrait de H\u00e9ritage Goldman. \u00ab\u00a0Comme j\u2019ai 73 ans, j\u2019ai envie de faire une derni\u00e8re petite tourn\u00e9e, mais seul. \u00c7a s\u2019appellera \u2018Je passe mon tour\u2019. L\u2019occasion de f\u00eater mes 60 ans de sc\u00e8ne. Donc <strong>il y aura un \u00ab\u00a0H\u00e9ritage II\u00a0\u00bb l\u2019ann\u00e9e prochaine, mais \u00e7a sera sans moi<\/strong>\u00ab\u00a0, pr\u00e9venait Michael Jones.<\/p>\n<p>      Mentionn\u00e9s dans cet article<\/p>\n<p>      Sur le m\u00eame sujet<\/p>\n","protected":false},"excerpt":{"rendered":"Il ne sera pas sur sc\u00e8ne pour la tourn\u00e9e d\u2019adieu de l\u2019H\u00e9ritage Goldman et a souhait\u00e9 le clarifier&hellip;\n","protected":false},"author":2,"featured_media":384172,"comment_status":"","ping_status":"","sticky":false,"template":"","format":"standard","meta":{"footnotes":""},"categories":[1359],"tags":[58,59,1011,27,7195,31413,973],"class_list":{"0":"post-384171","1":"post","2":"type-post","3":"status-publish","4":"format-standard","5":"has-post-thumbnail","7":"category-people","8":"tag-divertissement","9":"tag-entertainment","10":"tag-fr","11":"tag-france","12":"tag-jean-jacques-goldman","13":"tag-michael-jones","14":"tag-people"},"share_on_mastodon":{"url":"https:\/\/pubeurope.com\/@fr\/115188837206779912","error":""},"_links":{"self":[{"href":"https:\/\/www.europesays.com\/fr\/wp-json\/wp\/v2\/posts\/384171","targetHints":{"allow":["GET"]}}],"collection":[{"href":"https:\/\/www.europesays.com\/fr\/wp-json\/wp\/v2\/posts"}],"about":[{"href":"https:\/\/www.europesays.com\/fr\/wp-json\/wp\/v2\/types\/post"}],"author":[{"embeddable":true,"href":"https:\/\/www.europesays.com\/fr\/wp-json\/wp\/v2\/users\/2"}],"replies":[{"embeddable":true,"href":"https:\/\/www.europesays.com\/fr\/wp-json\/wp\/v2\/comments?post=384171"}],"version-history":[{"count":0,"href":"https:\/\/www.europesays.com\/fr\/wp-json\/wp\/v2\/posts\/384171\/revisions"}],"wp:featuredmedia":[{"embeddable":true,"href":"https:\/\/www.europesays.com\/fr\/wp-json\/wp\/v2\/media\/384172"}],"wp:attachment":[{"href":"https:\/\/www.europesays.com\/fr\/wp-json\/wp\/v2\/media?parent=384171"}],"wp:term":[{"taxonomy":"category","embeddable":true,"href":"https:\/\/www.europesays.com\/fr\/wp-json\/wp\/v2\/categories?post=384171"},{"taxonomy":"post_tag","embeddable":true,"href":"https:\/\/www.europesays.com\/fr\/wp-json\/wp\/v2\/tags?post=384171"}],"curies":[{"name":"wp","href":"https:\/\/api.w.org\/{rel}","templated":true}]}}