{"id":384177,"date":"2025-09-12T01:57:22","date_gmt":"2025-09-12T01:57:22","guid":{"rendered":"https:\/\/www.europesays.com\/fr\/384177\/"},"modified":"2025-09-12T01:57:22","modified_gmt":"2025-09-12T01:57:22","slug":"emission-du-jeudi-11-septembre-2025-en-replay-c-a-vous-la-suite-france-tv","status":"publish","type":"post","link":"https:\/\/www.europesays.com\/fr\/384177\/","title":{"rendered":"\u00c9mission du jeudi 11 septembre 2025 en replay &#8211; C \u00e0 vous la suite &#8211; France TV"},"content":{"rendered":"<ol>\n<li><a href=\"https:\/\/news.google.com\/rss\/articles\/CBMiqwFBVV95cUxNTXJSQXZBQnhGVUFIczFOdEhZWGRXVllYM1BOR2ozRjl4SkhPSS1DZjFqZnkwSXF2NnN2cWx3cmRIR3pBcklfeGhyRW1tQXJ6T2FyM2UtdkZ6aWhad09VanM3LXFPdDBlU2hfaHVmcWpoQVk0c0c0UVdCeTBpMUNYZ3VpcDIwVnBkLTRWcjBKbEMwc3lwWGxkajlhSklWQlVxZ3QtVjEzUldUWkU?oc=5\" target=\"_blank\" rel=\"nofollow noopener\">\u00c9mission du jeudi 11 septembre 2025 en replay &#8211; C \u00e0 vous la suite<\/a>&nbsp;&nbsp;France TV<\/li>\n<li><a href=\"https:\/\/news.google.com\/rss\/articles\/CBMiqgFBVV95cUxNS0pSU0JQUTcxaVNuTDRnSTEtSHl1alBuaXMzNHpvakZFT0J6WUxDX1JiZVJrNTdkdTc5bHBoeV9yNG9ZMTBFeWRxMXBzdktGTGFJOWh2SG1reHEtZEY2dU1QWk1RRXdjdlJXYTNOUG5ZS1hjUlhvR0VLSExEeTJBdERpUkhsU2wwSFJnTXMyQ2Vna3lzUVVZWjNMQ0RPR21MdHVFX2QzeFZzQQ?oc=5\" target=\"_blank\" rel=\"nofollow noopener\">Invit\u00e9s : Matthias Gurtler, Alex Lutz, M\u00e9lanie Thierry, Bastien Bouillon en replay &#8211; C \u00e0 vous la suite<\/a>&nbsp;&nbsp;France TV<\/li>\n<li><a href=\"https:\/\/news.google.com\/rss\/articles\/CBMiqgFBVV95cUxQNG1UeUtsVUxqcWcwWUp6aWNtVEJMTmMwcUFTOFdVZTFXOVAzdjVKX0xDdTI3NUZ5NnF4OGVrenh1NXdpa1p2MWx3Vm5fYUZHZTV5aGxlUndwVTcyNmNlVmNRdkV0SXd3R1l6Qlh2QW56T0hucFBBZWJtOTZ1YTk4cVZrc3VyYlFjVmlkTXloR0VGNWVZa3lwbmRURFQxQmtWNTRhOVQwQkNmdw?oc=5\" target=\"_blank\" rel=\"nofollow noopener\">S17 &#8211; Invit\u00e9s : Marine Delterme, Jean-Michel Tinivelli, Fran\u00e7ois Morel, Olivier Saladin, Olivier Broche, Patrice Duhamel<\/a>&nbsp;&nbsp;France TV<\/li>\n<li><a href=\"https:\/\/news.google.com\/rss\/articles\/CBMirgFBVV95cUxQOWFCeEtoYkhEWmZOTXJTXzRUZlpBWmdkYjBtMTdBSU1Ednk4YXNNeU1SczRVMVRjQUVrN18ybTR2QXV1V19pWUNTQ056eHRLXzMtOHRpVFdXcklfN0NodlNTRENsMEVGazAxa2VvV3hkWVNHOVA1YkFZZnV5R3BFOGV1NTFacnF2STJPamZ3NThpYzRHTG0yaEpZdVYySHRDaENCTXU1T1pvVmREUHc?oc=5\" target=\"_blank\" rel=\"nofollow noopener\">S17 &#8211; Invit\u00e9s : Pierre Arditi, Nicolas Brian\u00e7on, Adela\u00efde de Clermont Tonnerre, Greg Crozier et Karine Joly<\/a>&nbsp;&nbsp;France TV<\/li>\n<\/ol>\n","protected":false},"excerpt":{"rendered":"\u00c9mission du jeudi 11 septembre 2025 en replay &#8211; C \u00e0 vous la suite&nbsp;&nbsp;France TV Invit\u00e9s : Matthias&hellip;\n","protected":false},"author":2,"featured_media":384178,"comment_status":"","ping_status":"","sticky":false,"template":"","format":"standard","meta":{"footnotes":""},"categories":[1356],"tags":[58,59,1011,27,252,1364],"class_list":{"0":"post-384177","1":"post","2":"type-post","3":"status-publish","4":"format-standard","5":"has-post-thumbnail","7":"category-television","8":"tag-divertissement","9":"tag-entertainment","10":"tag-fr","11":"tag-france","12":"tag-television","13":"tag-tv"},"share_on_mastodon":{"url":"https:\/\/pubeurope.com\/@fr\/115188848662866510","error":""},"_links":{"self":[{"href":"https:\/\/www.europesays.com\/fr\/wp-json\/wp\/v2\/posts\/384177","targetHints":{"allow":["GET"]}}],"collection":[{"href":"https:\/\/www.europesays.com\/fr\/wp-json\/wp\/v2\/posts"}],"about":[{"href":"https:\/\/www.europesays.com\/fr\/wp-json\/wp\/v2\/types\/post"}],"author":[{"embeddable":true,"href":"https:\/\/www.europesays.com\/fr\/wp-json\/wp\/v2\/users\/2"}],"replies":[{"embeddable":true,"href":"https:\/\/www.europesays.com\/fr\/wp-json\/wp\/v2\/comments?post=384177"}],"version-history":[{"count":0,"href":"https:\/\/www.europesays.com\/fr\/wp-json\/wp\/v2\/posts\/384177\/revisions"}],"wp:featuredmedia":[{"embeddable":true,"href":"https:\/\/www.europesays.com\/fr\/wp-json\/wp\/v2\/media\/384178"}],"wp:attachment":[{"href":"https:\/\/www.europesays.com\/fr\/wp-json\/wp\/v2\/media?parent=384177"}],"wp:term":[{"taxonomy":"category","embeddable":true,"href":"https:\/\/www.europesays.com\/fr\/wp-json\/wp\/v2\/categories?post=384177"},{"taxonomy":"post_tag","embeddable":true,"href":"https:\/\/www.europesays.com\/fr\/wp-json\/wp\/v2\/tags?post=384177"}],"curies":[{"name":"wp","href":"https:\/\/api.w.org\/{rel}","templated":true}]}}