{"id":384186,"date":"2025-09-12T02:02:16","date_gmt":"2025-09-12T02:02:16","guid":{"rendered":"https:\/\/www.europesays.com\/fr\/384186\/"},"modified":"2025-09-12T02:02:16","modified_gmt":"2025-09-12T02:02:16","slug":"pour-qui-se-prend-t-elle-marion-cotillard-suscite-la-polemique-face-a-reese-witherspoon-pour-une-raison-tres-precise","status":"publish","type":"post","link":"https:\/\/www.europesays.com\/fr\/384186\/","title":{"rendered":"\u00ab\u00a0Pour qui se prend-t-elle ?\u00a0\u00bb : Marion Cotillard suscite la pol\u00e9mique face \u00e0 Reese Witherspoon pour une raison tr\u00e8s pr\u00e9cise"},"content":{"rendered":"<p>            <img loading=\"lazy\" decoding=\"async\" src=\"https:\/\/www.europesays.com\/fr\/wp-content\/uploads\/2025\/05\/5de2bf06b788e261-35x35-1.png\" class=\"author-article-picture\" width=\"35\" height=\"35\"\/><\/p>\n<p>                Par<br \/>\n                                    L\u00e9na C.<br \/>\n                                                    | Journaliste<\/p>\n<p>\n                L\u00e9na est sp\u00e9cialis\u00e9e dans les sujets li\u00e9s au bien-\u00eatre.\n            <\/p>\n<p>\n    Moment de g\u00eane. En pleine promotion de la saison 4 de \u00ab\u00a0The Morning Show\u00a0\u00bb (Apple TV), Marion Cotillard a fait parler d&rsquo;elle dans une vid\u00e9o film\u00e9e aux c\u00f4t\u00e9s des actrices am\u00e9ricaines Reese Witherspoon et Jennifer Aniston.\n<\/p>\n<p>                                                        <img decoding=\"async\" class=\"player-thumbnail\" src=\"https:\/\/www.europesays.com\/fr\/wp-content\/uploads\/2025\/09\/db59f5c6b0a8b7bf-580x326-2.jpg\" width=\"580\" height=\"326\" loading=\"lazy\"\/><\/p>\n<p>                    \u00ab\u00a0Pour qui se prend-t-elle ?\u00a0\u00bb : Marion Cotillard suscite la pol\u00e9mique face \u00e0 Reese Witherspoon pour une raison tr\u00e8s pr\u00e9cise<\/p>\n<p>La suite apr\u00e8s la publicit\u00e9<\/p>\n<p>Y a-t-il eu un conflit entre Marion Cotillard et Reese Witherspoon ? Sur un tournage, il arrive que les acteurs et actrices ne s&rsquo;entendent pas. C&rsquo;est ce que semblent penser les fans.\u00a0<\/p>\n<p>C&rsquo;est lors d&rsquo;une soir\u00e9e d&rsquo;avant-premi\u00e8re d&rsquo;une s\u00e9rie am\u00e9ricaine bien connue qu&rsquo;est n\u00e9e la rumeur. Reese Witherspoon, Jennifer Aniston et Marion Cotillard se sont r\u00e9unies \u00e0 New York, le 9 septembre, pour la sortie de la saison 4 de \u00ab\u00a0The Morning Show\u00a0\u00bb (sur Apple TV le 17 septembre). Et les images du photo-call ont sem\u00e9 le trouble sur les r\u00e9seaux sociaux.<\/p>\n<p>Marion Cotillard dans cette grande s\u00e9rie am\u00e9ricaine ? La nouvelle qui rend fous les internautes<\/p>\n<p>Cette vid\u00e9o de Marion Cotillard suscite la pol\u00e9mique<\/p>\n<p>Sur la vid\u00e9o du photo-call partag\u00e9e par Gala sur les r\u00e9seaux sociaux le 10 septembre, on aper\u00e7oit l&rsquo;actrice fran\u00e7aise en train de faire la bise et saluer ses partenaires de jeu dans la s\u00e9rie : Jennifer Aniston, Billy Crudup, Jon Hamm, Karen Pittman&#8230; Mais alors qu&rsquo;elle passe devant Reese Witherspoon, et que celle-ci lui tend les mains, Marion Cotillard semble l&rsquo;ignorer.\u00a0<\/p>\n<p>Il n&rsquo;en fallait pas plus pour faire r\u00e9agir les internautes en ligne. Et pour susciter l&rsquo;interrogation : y aurait-il un conflit entre les deux com\u00e9diennes ?\u00a0<\/p>\n<p>Les internautes interloqu\u00e9s<\/p>\n<p>Sous la vid\u00e9o du compte TikTok du tablo\u00efd Gala, on peut lire la stupeur de certains internautes :\u00a0<\/p>\n<p>\u00ab\u00a0Pour qui se prend-elle ?\u00a0\u00bb, \u00ab\u00a0Comment peut-elle ignorer Reese Witherspoon comme \u00e7a ?\u00a0\u00bb, \u00ab\u00a0Ignorer Reese sur le tapis rouge et saluer chaleureusement tout le monde, c&rsquo;\u00e9tait VRAIMENT impoli\u00a0\u00bb, \u00ab\u00a0Y a-t-il un probl\u00e8me entre elles ?\u00a0\u00bb, \u00ab\u00a0Ce n&rsquo;est pas gentil de la part de Marion\u00a0\u00bb, \u00ab\u00a0C&rsquo;est vraiment impoli d&rsquo;humilier Reese&#8230;\u00a0\u00bb<\/p>\n<p>D&rsquo;autres se demandent si les deux actrices ne s&rsquo;\u00e9taient pas simplement d\u00e9j\u00e0 salu\u00e9es avant le photo-call. Une chose est s\u00fbre, il existe d&rsquo;autres photos de la soir\u00e9e, sur lesquelles on voit Marion Cotillard mettre son bras autour Reese Witherspoon et donner la main \u00e0 Jennifer Aniston.\u00a0<\/p>\n<p>        <img decoding=\"async\" class=\"thumb-img-100 thumb-img\" src=\"https:\/\/www.europesays.com\/fr\/wp-content\/uploads\/2025\/09\/e4131fb1818eb2ee-320x180-1.jpg\" alt=\"&quot;C'est son papi&quot;, &quot;Ils ont 30 ans de diff\u00e9rence non ?&quot; : Reese Witherspoon s'affiche \u00e0 la plage avec son nouveau petit ami, et choque les internautes\" width=\"320\" height=\"180\" loading=\"lazy\" role=\"presentation\"\/><\/p>\n<p>                                            \u00ab\u00a0C&rsquo;est son papi\u00a0\u00bb, \u00ab\u00a0Ils ont 30 ans de diff\u00e9rence non ?\u00a0\u00bb : Reese Witherspoon s&rsquo;affiche \u00e0 la plage avec son nouveau petit ami, et choque les internautes<\/p>\n<p>        <img decoding=\"async\" class=\"thumb-img-100 thumb-img\" src=\"https:\/\/www.europesays.com\/fr\/wp-content\/uploads\/2025\/09\/98774da10c6700db-320x180-1.jpg\" alt=\"&quot;Team Kate ou team Reese ?&quot; : Kate Winslet &quot;d\u00e9testerait&quot; Reese Witherspoon et \u00e7a rend fous les fans\" width=\"320\" height=\"180\" loading=\"lazy\" role=\"presentation\"\/><\/p>\n<p>                                            \u00ab\u00a0Team Kate ou team Reese ?\u00a0\u00bb : Kate Winslet \u00ab\u00a0d\u00e9testerait\u00a0\u00bb Reese Witherspoon et \u00e7a rend fous les fans<\/p>\n<p>        <img decoding=\"async\" class=\"thumb-img-100 thumb-img\" src=\"https:\/\/www.europesays.com\/fr\/wp-content\/uploads\/2025\/09\/b8547256fface82c-320x180-2.jpg\" alt=\"\u201cBanale, trop fade\u201d, \u201cSquelettique\u201d, \u201cAucune allure\u201d : Marion Cotillard glace ses haters avec son look \u201cReine des neiges\u201d\" width=\"320\" height=\"180\" loading=\"lazy\" role=\"presentation\"\/><\/p>\n<p>                                            \u201cBanale, trop fade\u201d, \u201cSquelettique\u201d, \u201cAucune allure\u201d : Marion Cotillard glace ses haters avec son look \u201cReine des neiges\u201d<\/p>\n","protected":false},"excerpt":{"rendered":"Par L\u00e9na C. | Journaliste L\u00e9na est sp\u00e9cialis\u00e9e dans les sujets li\u00e9s au bien-\u00eatre. Moment de g\u00eane. En&hellip;\n","protected":false},"author":2,"featured_media":384187,"comment_status":"","ping_status":"","sticky":false,"template":"","format":"standard","meta":{"footnotes":""},"categories":[8],"tags":[58,59,1011,27],"class_list":{"0":"post-384186","1":"post","2":"type-post","3":"status-publish","4":"format-standard","5":"has-post-thumbnail","7":"category-divertissement","8":"tag-divertissement","9":"tag-entertainment","10":"tag-fr","11":"tag-france"},"share_on_mastodon":{"url":"https:\/\/pubeurope.com\/@fr\/115188868495835616","error":""},"_links":{"self":[{"href":"https:\/\/www.europesays.com\/fr\/wp-json\/wp\/v2\/posts\/384186","targetHints":{"allow":["GET"]}}],"collection":[{"href":"https:\/\/www.europesays.com\/fr\/wp-json\/wp\/v2\/posts"}],"about":[{"href":"https:\/\/www.europesays.com\/fr\/wp-json\/wp\/v2\/types\/post"}],"author":[{"embeddable":true,"href":"https:\/\/www.europesays.com\/fr\/wp-json\/wp\/v2\/users\/2"}],"replies":[{"embeddable":true,"href":"https:\/\/www.europesays.com\/fr\/wp-json\/wp\/v2\/comments?post=384186"}],"version-history":[{"count":0,"href":"https:\/\/www.europesays.com\/fr\/wp-json\/wp\/v2\/posts\/384186\/revisions"}],"wp:featuredmedia":[{"embeddable":true,"href":"https:\/\/www.europesays.com\/fr\/wp-json\/wp\/v2\/media\/384187"}],"wp:attachment":[{"href":"https:\/\/www.europesays.com\/fr\/wp-json\/wp\/v2\/media?parent=384186"}],"wp:term":[{"taxonomy":"category","embeddable":true,"href":"https:\/\/www.europesays.com\/fr\/wp-json\/wp\/v2\/categories?post=384186"},{"taxonomy":"post_tag","embeddable":true,"href":"https:\/\/www.europesays.com\/fr\/wp-json\/wp\/v2\/tags?post=384186"}],"curies":[{"name":"wp","href":"https:\/\/api.w.org\/{rel}","templated":true}]}}