{"id":384188,"date":"2025-09-12T02:03:21","date_gmt":"2025-09-12T02:03:21","guid":{"rendered":"https:\/\/www.europesays.com\/fr\/384188\/"},"modified":"2025-09-12T02:03:21","modified_gmt":"2025-09-12T02:03:21","slug":"xiaomi-lance-enfin-sa-beta-en-france-mais-attention-aux-pieges","status":"publish","type":"post","link":"https:\/\/www.europesays.com\/fr\/384188\/","title":{"rendered":"Xiaomi lance enfin sa b\u00eata en France, mais attention aux pi\u00e8ges"},"content":{"rendered":"<p>Les possesseurs de smartphones Xiaomi r\u00e9cents peuvent enfin tester HyperOS 3 en France. Cette b\u00eata bas\u00e9e sur Android 16 promet de moderniser l\u2019interface, mais attention aux bugs et instabilit\u00e9s.<\/p>\n<p><a target=\"_blank\" href=\"https:\/\/images.frandroid.com\/wp-content\/uploads\/2025\/09\/image-34.jpg\" class=\"article-content__figure\" rel=\"noopener\"><img fetchpriority=\"high\" decoding=\"async\" loading=\"eager\" width=\"1200\" height=\"900\" src=\"https:\/\/www.europesays.com\/fr\/wp-content\/uploads\/2025\/09\/image-34.jpg\" alt=\"\" class=\"wp-image-2793071 wp-image wp-image\"  \/><\/a><\/p>\n<p>Xiaomi ouvre son programme b\u00eata <a href=\"https:\/\/www.frandroid.com\/marques\/xiaomi\/2777657_hyperos-3-voici-ce-quil-faut-savoir-sur-la-nouvelle-mise-a-jour-xiaomi\" target=\"_blank\" rel=\"noopener\">HyperOS 3<\/a> \u00e0 l\u2019international, France incluse. Cette mise \u00e0 jour bas\u00e9e sur Android 16 promet de moderniser l\u2019interface de vos smartphones Xiaomi, Redmi et Poco. Mais entre appareils compatibles limit\u00e9s et stabilit\u00e9 douteuse, faut-il vraiment se lancer dans l\u2019aventure b\u00eata ?<\/p>\n<p>HyperOS 3 apporte <a href=\"https:\/\/www.frandroid.com\/marques\/xiaomi\/2777657_hyperos-3-voici-ce-quil-faut-savoir-sur-la-nouvelle-mise-a-jour-xiaomi\" target=\"_blank\" rel=\"noopener\">quelques nouveaut\u00e9s int\u00e9ressantes<\/a> : interface repens\u00e9e, nouvelles animations, optimisations IA pour la photo. Mais rien de r\u00e9volutionnaire compar\u00e9 \u00e0 la pr\u00e9c\u00e9dente version d\u2019HyperOS.<\/p>\n<p>                <img decoding=\"async\" width=\"1200\" height=\"446\" loading=\"lazy\" alt=\"Box Samsung Z FLIP7\" title=\"Box Samsung Z FLIP7\" class=\"is-radiusless placeholder-default wp-image\" src=\"https:\/\/www.europesays.com\/fr\/wp-content\/uploads\/2025\/09\/box-samsung-z-flip7-1200x446.png\" \/>            <\/p>\n<p>\n                    Le Galaxy Z Flip7 est \u00e0 prix mini chez SFR                <\/p>\n<p class=\"has-text-weight-medium is-size-6 is-line-height-normal\">\n                    Jusqu\u2019au 29 septembre, profitez du dernier Samsung Galaxy Z Flip7 \u00e0 591 \u20ac avec le forfait SFR 350 Go (engagement 24 mois) et gr\u00e2ce \u00e0 90 \u20ac de remise imm\u00e9diate et 80 \u20ac rembours\u00e9s apr\u00e8s achat.                <\/p>\n<p class=\"shortcode-container see-more\">\n    Pour aller plus loin<br \/><a href=\"https:\/\/www.frandroid.com\/marques\/xiaomi\/2777657_hyperos-3-voici-ce-quil-faut-savoir-sur-la-nouvelle-mise-a-jour-xiaomi\" target=\"_blank\" rel=\"noopener\">HyperOS 3 : nouveaut\u00e9s et compatibilit\u00e9s de la nouvelle mise \u00e0 jour Xiaomi<\/a>\n            <\/p>\n<p>Seulement 8 appareils \u00e9ligibles au lancement<\/p>\n<p>La liste des smartphones compatibles avec la b\u00eata HyperOS 3 reste courte. Xiaomi privil\u00e9gie ses mod\u00e8les les plus r\u00e9cents : la s\u00e9rie 15 (standard, Pro, Ultra), les tablettes Pad 7 haut de gamme, et les Redmi K80 vendus en Europe sous les noms Poco F7 Ultra et Pro.<\/p>\n<p>Pas de Xiaomi 14, ni de Redmi Note 13, encore moins de Poco X6 dans cette premi\u00e8re vague. Xiaomi promet d\u2019\u00e9largir la compatibilit\u00e9 le 17 septembre avec 7 appareils suppl\u00e9mentaires, puis le 30 septembre pour d\u2019autres mod\u00e8les non pr\u00e9cis\u00e9s.<\/p>\n<p>Xiaomi est prudent. HyperOS 3 est une refonte importante de l\u2019interface, et le constructeur pr\u00e9f\u00e8re limiter les risques en commen\u00e7ant par ses flagships les mieux optimis\u00e9s. Les possesseurs de milieu de gamme devront patienter.<\/p>\n<p>L\u2019inscription se fait via l\u2019application communautaire Xiaomi, mais attention : les places sont limit\u00e9es et attribu\u00e9es selon le principe \u00ab\u00a0premier arriv\u00e9, premier servi\u00a0\u00bb. Pas de garantie d\u2019obtenir l\u2019acc\u00e8s m\u00eame avec un appareil compatible.<\/p>\n<p>De plus, Xiaomi ne cache pas les d\u00e9fauts de cette version b\u00eata. Bugs, plantages, fonctionnalit\u00e9s manquantes : la liste des probl\u00e8mes potentiels d\u00e9courage les utilisateurs occasionnels. La marque chinoise recommande aussi fortement de sauvegarder ses donn\u00e9es avant installation. Sachant que revenir \u00e0 la version stable n\u00e9cessite souvent un formatage complet, l\u2019aventure b\u00eata peut co\u00fbter cher en cas de probl\u00e8me.<\/p>\n","protected":false},"excerpt":{"rendered":"Les possesseurs de smartphones Xiaomi r\u00e9cents peuvent enfin tester HyperOS 3 en France. Cette b\u00eata bas\u00e9e sur Android&hellip;\n","protected":false},"author":2,"featured_media":384189,"comment_status":"","ping_status":"","sticky":false,"template":"","format":"standard","meta":{"footnotes":""},"categories":[7],"tags":[653,1011,27,43,40,41,39,42,44],"class_list":{"0":"post-384188","1":"post","2":"type-post","3":"status-publish","4":"format-standard","5":"has-post-thumbnail","7":"category-sciences-et-technologies","8":"tag-android-16","9":"tag-fr","10":"tag-france","11":"tag-science","12":"tag-science-and-technology","13":"tag-sciences","14":"tag-sciences-et-technologies","15":"tag-technologies","16":"tag-technology"},"share_on_mastodon":{"url":"https:\/\/pubeurope.com\/@fr\/115188872518486415","error":""},"_links":{"self":[{"href":"https:\/\/www.europesays.com\/fr\/wp-json\/wp\/v2\/posts\/384188","targetHints":{"allow":["GET"]}}],"collection":[{"href":"https:\/\/www.europesays.com\/fr\/wp-json\/wp\/v2\/posts"}],"about":[{"href":"https:\/\/www.europesays.com\/fr\/wp-json\/wp\/v2\/types\/post"}],"author":[{"embeddable":true,"href":"https:\/\/www.europesays.com\/fr\/wp-json\/wp\/v2\/users\/2"}],"replies":[{"embeddable":true,"href":"https:\/\/www.europesays.com\/fr\/wp-json\/wp\/v2\/comments?post=384188"}],"version-history":[{"count":0,"href":"https:\/\/www.europesays.com\/fr\/wp-json\/wp\/v2\/posts\/384188\/revisions"}],"wp:featuredmedia":[{"embeddable":true,"href":"https:\/\/www.europesays.com\/fr\/wp-json\/wp\/v2\/media\/384189"}],"wp:attachment":[{"href":"https:\/\/www.europesays.com\/fr\/wp-json\/wp\/v2\/media?parent=384188"}],"wp:term":[{"taxonomy":"category","embeddable":true,"href":"https:\/\/www.europesays.com\/fr\/wp-json\/wp\/v2\/categories?post=384188"},{"taxonomy":"post_tag","embeddable":true,"href":"https:\/\/www.europesays.com\/fr\/wp-json\/wp\/v2\/tags?post=384188"}],"curies":[{"name":"wp","href":"https:\/\/api.w.org\/{rel}","templated":true}]}}