{"id":384203,"date":"2025-09-12T02:14:16","date_gmt":"2025-09-12T02:14:16","guid":{"rendered":"https:\/\/www.europesays.com\/fr\/384203\/"},"modified":"2025-09-12T02:14:16","modified_gmt":"2025-09-12T02:14:16","slug":"la-liste-des-6-joueurs-castrais-forfaits-contre-toulon","status":"publish","type":"post","link":"https:\/\/www.europesays.com\/fr\/384203\/","title":{"rendered":"La liste des 6 joueurs Castrais forfaits contre Toulon !"},"content":{"rendered":"<p>Ce samedi soir, le Castres Olympique d\u00e9fiera le Rugby Club Toulonnais au Stade Mayol dans le cadre de la 2\u00e8me journ\u00e9e du Top 14.<\/p>\n<p>A l\u2019approche de cette rencontre, Midi Olympique fait le point sur l\u2019effectif Tarnais.<\/p>\n<p>Plusieurs joueurs du CO ne pourront pas postuler pour d\u00e9fier le RCT \u00e0 Mayol.<\/p>\n<p data-start=\"179\" data-end=\"527\">Le demi de m\u00eal\u00e9e <strong data-start=\"271\" data-end=\"291\">J\u00e9r\u00e9my Fernandez<\/strong>, victime d\u2019une double fracture \u00e0 une main, sera indisponible environ deux mois.<\/p>\n<p data-start=\"179\" data-end=\"527\">Bonne nouvelle en revanche : <strong data-start=\"401\" data-end=\"419\">Santiago Arata<\/strong> rentre de s\u00e9lection et retrouve une place de titulaire, ce qui rel\u00e8gue <strong data-start=\"491\" data-end=\"512\">Gauthier Doubr\u00e8re<\/strong> sur le banc.<\/p>\n<p data-start=\"529\" data-end=\"811\">Le staff tarnais attend \u00e9galement d\u2019autres retours. <strong data-start=\"581\" data-end=\"603\">Veresa Ramototabua<\/strong>, bless\u00e9 \u00e0 un genou en fin de saison derni\u00e8re avec Oyonnax, poursuit sa convalescence et pourrait revenir \u00e0 l\u2019automne. M\u00eame situation pour <strong data-start=\"742\" data-end=\"758\">Adrea Cocagi<\/strong>, qui soigne un genou mais a d\u00e9j\u00e0 repris la course. Ils sont tous les deux forfaits contre Toulon.<\/p>\n<p data-start=\"813\" data-end=\"1056\">Touch\u00e9 \u00e0 un mollet en pr\u00e9paration contre Montauban, <strong data-start=\"865\" data-end=\"883\">Geoffrey Palis<\/strong> est toujours aux soins. Le pilier anglais <strong data-start=\"926\" data-end=\"942\">Will Collier<\/strong> est en phase de reprise.<\/p>\n<p data-start=\"813\" data-end=\"1056\">Enfin, <strong data-start=\"975\" data-end=\"989\">R\u00e9my Baget<\/strong>, victime d\u2019une blessure au genou contre Pau, reste indisponible.<\/p>\n<p data-start=\"813\" data-end=\"1056\">Au total, ce sont six joueurs Castrais qui ne pourront pas d\u00e9fier Toulon, ce samedi soir, \u00e0 Mayol.<\/p>\n","protected":false},"excerpt":{"rendered":"Ce samedi soir, le Castres Olympique d\u00e9fiera le Rugby Club Toulonnais au Stade Mayol dans le cadre de&hellip;\n","protected":false},"author":2,"featured_media":384204,"comment_status":"","ping_status":"","sticky":false,"template":"","format":"standard","meta":{"footnotes":""},"categories":[9619],"tags":[1111,11,1777,674,1011,27,12,882,25,2310],"class_list":{"0":"post-384203","1":"post","2":"type-post","3":"status-publish","4":"format-standard","5":"has-post-thumbnail","7":"category-toulon","8":"tag-actu","9":"tag-actualites","10":"tag-eu","11":"tag-europe","12":"tag-fr","13":"tag-france","14":"tag-news","15":"tag-provence-alpes-cote-dazur","16":"tag-republique-francaise","17":"tag-toulon"},"share_on_mastodon":{"url":"https:\/\/pubeurope.com\/@fr\/115188915459331125","error":""},"_links":{"self":[{"href":"https:\/\/www.europesays.com\/fr\/wp-json\/wp\/v2\/posts\/384203","targetHints":{"allow":["GET"]}}],"collection":[{"href":"https:\/\/www.europesays.com\/fr\/wp-json\/wp\/v2\/posts"}],"about":[{"href":"https:\/\/www.europesays.com\/fr\/wp-json\/wp\/v2\/types\/post"}],"author":[{"embeddable":true,"href":"https:\/\/www.europesays.com\/fr\/wp-json\/wp\/v2\/users\/2"}],"replies":[{"embeddable":true,"href":"https:\/\/www.europesays.com\/fr\/wp-json\/wp\/v2\/comments?post=384203"}],"version-history":[{"count":0,"href":"https:\/\/www.europesays.com\/fr\/wp-json\/wp\/v2\/posts\/384203\/revisions"}],"wp:featuredmedia":[{"embeddable":true,"href":"https:\/\/www.europesays.com\/fr\/wp-json\/wp\/v2\/media\/384204"}],"wp:attachment":[{"href":"https:\/\/www.europesays.com\/fr\/wp-json\/wp\/v2\/media?parent=384203"}],"wp:term":[{"taxonomy":"category","embeddable":true,"href":"https:\/\/www.europesays.com\/fr\/wp-json\/wp\/v2\/categories?post=384203"},{"taxonomy":"post_tag","embeddable":true,"href":"https:\/\/www.europesays.com\/fr\/wp-json\/wp\/v2\/tags?post=384203"}],"curies":[{"name":"wp","href":"https:\/\/api.w.org\/{rel}","templated":true}]}}