{"id":384205,"date":"2025-09-12T02:15:44","date_gmt":"2025-09-12T02:15:44","guid":{"rendered":"https:\/\/www.europesays.com\/fr\/384205\/"},"modified":"2025-09-12T02:15:44","modified_gmt":"2025-09-12T02:15:44","slug":"allez-vous-beneficier-du-nouveau-calcul-du-cmg","status":"publish","type":"post","link":"https:\/\/www.europesays.com\/fr\/384205\/","title":{"rendered":"allez-vous b\u00e9n\u00e9ficier du nouveau calcul du CMG\u00a0?"},"content":{"rendered":"<p>            Par<br \/>\n        <strong><br \/>\n            <a href=\"https:\/\/actu.fr\/auteur\/metropoop\" title=\"Consulter tous les articles de R\u00e9daction M\u00e9tropolitain\" rel=\"nofollow noopener\" target=\"_blank\">R\u00e9daction M\u00e9tropolitain<\/a><br \/>\n        <\/strong><\/p>\n<p>        Publi\u00e9 le<\/p>\n<p>            11 sept. 2025 \u00e0 9h33        <\/p>\n<p>Depuis le lundi 1er septembre 2025, le<strong> Compl\u00e9ment de libre choix du mode de garde<\/strong> (CMG) change de visage. Cette <strong>aide financi\u00e8re,<\/strong> vers\u00e9e par la <strong>Caf<\/strong> et g\u00e9r\u00e9e par Pajemploi, va <strong>mieux s\u2019adapter aux r\u00e9alit\u00e9s des parents<\/strong>. Objectif : <strong>all\u00e9ger le co\u00fbt<\/strong> souvent \u00e9lev\u00e9 de la garde des enfants et donner un coup de pouce suppl\u00e9mentaire aux <strong>familles monoparentales<\/strong>.<\/p>\n<p>Une aide d\u00e9sormais calcul\u00e9e \u00ab sur mesure \u00bb<\/p>\n<p class=\" wall-content\">Fini le calcul uniforme : le montant du CMG sera d\u00e9sormais<strong> ajust\u00e9 en fonction de plusieurs crit\u00e8res<\/strong> concrets. Les revenus du foyer, le nombre d\u2019enfants \u00e0 charge, le tarif horaire pratiqu\u00e9 par l\u2019assistant.e maternel.le ou la garde \u00e0 domicile, mais aussi le nombre d\u2019heures de garde dans le mois entreront dans la balance. Une fa\u00e7on de coller davantage aux besoins de chaque famille et de rendre l\u2019aide plus juste.<\/p>\n<p>Les familles monoparentales mieux soutenues<\/p>\n<p class=\" wall-content\">Grande nouveaut\u00e9 : les parents \u00e9levant seuls leur enfant pourront b\u00e9n\u00e9ficier du CMG jusqu\u2019aux 12 ans de celui-ci. La r\u00e9forme couvre \u00e9galement les temps p\u00e9riscolaires, du mercredi aux vacances scolaires. Une avanc\u00e9e concr\u00e8te qui doit permettre \u00e0 de nombreux parents solos de mieux jongler entre travail et vie de famille.<\/p>\n<p>Des milliers de foyers concern\u00e9s<\/p>\n<p class=\" wall-content\">Dans le d\u00e9partement, <strong>11 800 allocataires<\/strong> sont directement concern\u00e9s par ce nouveau mode de calcul. Parmi eux, <strong>700 familles monoparentales<\/strong> profiteront de l\u2019extension de l\u2019aide. Aujourd\u2019hui,<strong> 8 400 foyers<\/strong> ont recours \u00e0 un(e) assistant(e) maternel(le), <strong>1 700 \u00e0 une garde \u00e0 domicile<\/strong> et autant \u00e0 des s<strong>tructures comme les micro-cr\u00e8ches<\/strong>.<\/p>\n<p class=\" wall-content\">Personnalisez votre actualit\u00e9 en ajoutant vos villes et m\u00e9dias en favori avec <a href=\"https:\/\/moncompte.actu.fr\" title=\"D\u00e9couvez Mon Actu\" rel=\"nofollow noopener\" data-trk=\"{&quot;cta&quot;:{&quot;action&quot;:&quot;https:\\\/\\\/moncompte.actu.fr&quot;,&quot;category&quot;:&quot;mon compte&quot;,&quot;from&quot;:&quot;article footer&quot;,&quot;name&quot;:&quot;Mon actu&quot;,&quot;type&quot;:&quot;cta&quot;}}\" target=\"_blank\">Mon Actu<\/a>.<\/p>\n","protected":false},"excerpt":{"rendered":"Par R\u00e9daction M\u00e9tropolitain Publi\u00e9 le 11 sept. 2025 \u00e0 9h33 Depuis le lundi 1er septembre 2025, le Compl\u00e9ment&hellip;\n","protected":false},"author":2,"featured_media":384206,"comment_status":"","ping_status":"","sticky":false,"template":"","format":"standard","meta":{"footnotes":""},"categories":[9599],"tags":[1111,11,1777,674,1011,27,2208,12,2680,25,104],"class_list":{"0":"post-384205","1":"post","2":"type-post","3":"status-publish","4":"format-standard","5":"has-post-thumbnail","7":"category-montpellier","8":"tag-actu","9":"tag-actualites","10":"tag-eu","11":"tag-europe","12":"tag-fr","13":"tag-france","14":"tag-montpellier","15":"tag-news","16":"tag-occitanie","17":"tag-republique-francaise","18":"tag-societe"},"share_on_mastodon":{"url":"https:\/\/pubeurope.com\/@fr\/115188919547567078","error":""},"_links":{"self":[{"href":"https:\/\/www.europesays.com\/fr\/wp-json\/wp\/v2\/posts\/384205","targetHints":{"allow":["GET"]}}],"collection":[{"href":"https:\/\/www.europesays.com\/fr\/wp-json\/wp\/v2\/posts"}],"about":[{"href":"https:\/\/www.europesays.com\/fr\/wp-json\/wp\/v2\/types\/post"}],"author":[{"embeddable":true,"href":"https:\/\/www.europesays.com\/fr\/wp-json\/wp\/v2\/users\/2"}],"replies":[{"embeddable":true,"href":"https:\/\/www.europesays.com\/fr\/wp-json\/wp\/v2\/comments?post=384205"}],"version-history":[{"count":0,"href":"https:\/\/www.europesays.com\/fr\/wp-json\/wp\/v2\/posts\/384205\/revisions"}],"wp:featuredmedia":[{"embeddable":true,"href":"https:\/\/www.europesays.com\/fr\/wp-json\/wp\/v2\/media\/384206"}],"wp:attachment":[{"href":"https:\/\/www.europesays.com\/fr\/wp-json\/wp\/v2\/media?parent=384205"}],"wp:term":[{"taxonomy":"category","embeddable":true,"href":"https:\/\/www.europesays.com\/fr\/wp-json\/wp\/v2\/categories?post=384205"},{"taxonomy":"post_tag","embeddable":true,"href":"https:\/\/www.europesays.com\/fr\/wp-json\/wp\/v2\/tags?post=384205"}],"curies":[{"name":"wp","href":"https:\/\/api.w.org\/{rel}","templated":true}]}}