{"id":384210,"date":"2025-09-12T02:20:11","date_gmt":"2025-09-12T02:20:11","guid":{"rendered":"https:\/\/www.europesays.com\/fr\/384210\/"},"modified":"2025-09-12T02:20:11","modified_gmt":"2025-09-12T02:20:11","slug":"conference-extreme-droite-a-grenoble-le-19-09-%f0%9f%94%b4-info-libertaire","status":"publish","type":"post","link":"https:\/\/www.europesays.com\/fr\/384210\/","title":{"rendered":"Conf\u00e8rence Extr\u00eame Droite \u00e0 Grenoble le 19\/09 \u2013 \ud83d\udd34 Info Libertaire"},"content":{"rendered":"<p><img decoding=\"async\" src=\"\" style=\"width:1px;height:1px;display:none!important\" class=\"ff-og-image-inserted lazy\"\/><\/p>\n<p>Le Cercle Bayard, qui se d\u00e9finit comme un \u00ab\u00a0cercle de r\u00e9flexion souverainiste\u00a0\u00bb \u00e0 Grenoble, invite Anne-Lise BLANCHARD, co-fondatrice de l\u2019association SOS Chr\u00e9tiens d\u2019Orient, pour une conf\u00e9rence intitul\u00e9e \u00ab\u00a0Syrie\u00a0: actualit\u00e9 et perspectives\u00a0\u00bb le vendredi 19 septembre \u00e0 Grenoble.<\/p>\n<p>L\u2019association SOS Chr\u00e9tiens d\u2019Orient est vis\u00e9e par une enqu\u00eate pr\u00e9liminaire pour complicit\u00e9 de crime contre l\u2019humanit\u00e9 et complicit\u00e9 de crime de guerre par le parquet de Paris depuis 2020.<\/p>\n<p><\/p>\n<p>L\u2019association SOS Chr\u00e9tiens d\u2019Orient a financ\u00e9 une milice pro-Assad, les Forces de D\u00e9fense Nationales (NDF) ayant comme dirigeants Siman AL-WAKIL et Nabel AL-ABDULLAH. L\u2019organisation Human Right Watch les accuse de crimes de guerre.<\/p>\n<p>L\u2019ONG Pro-Justice accuse notamment Simon Al Wakil d\u2019avoir particip\u00e9 avec ses hommes \u00e0 un massacre pr\u00e8s de Mhardeh, o\u00f9 78 villageois, dont des enfants, ont \u00e9t\u00e9 assassin\u00e9s, en 2012.<\/p>\n<p>L\u2019association SOS Chr\u00e9tiens d\u2019Orient a publi\u00e9 plusieurs photographies montrant ses membres et ses b\u00e9n\u00e9voles posant avec Siman AL-WAKIL, avec Nabel AL-ABDULLAH, ou avec des membres de la milice.<\/p>\n<p>Alors que l\u2019association SOS Chr\u00e9tiens d\u2019Orient collecte aupr\u00e8s de ses donateurs des fonds pour des op\u00e9rations \u00ab\u00a0humanitaires\u00a0\u00bb, l\u2019enqu\u00eate men\u00e9e par le New Lines Institute documente que ces fonds sont destin\u00e9s \u00e0 des groupes arm\u00e9s, et notamment le NDF.1<\/p>\n<p>Il nous para\u00eet insupportable que cette organisation SOS Chr\u00e9tiens d\u2019Orient, poursuivie pour crime contre l\u2019humanit\u00e9, puisse tenir une conf\u00e9rence dans la ville de Grenoble.<\/p>\n<p>Amiti\u00e9s antifascistes.<\/p>\n<p>Le Comit\u00e9 Grenoblois du R\u00e9seau de Lutte contre le Fascisme.<\/p>\n<p><br clear=\"both\"\/><\/p>\n<p><\/p>\n<p><strong>Source:<\/strong> <a href=\"https:\/\/cric-grenoble.info\/infos-locales\/article\/conference-extreme-droite-a-grenoble-le-19-09-4788\" target=\"_blank\" rel=\"nofollow noopener\">Cric-grenoble.info<\/a><br \/><\/p>\n","protected":false},"excerpt":{"rendered":"Le Cercle Bayard, qui se d\u00e9finit comme un \u00ab\u00a0cercle de r\u00e9flexion souverainiste\u00a0\u00bb \u00e0 Grenoble, invite Anne-Lise BLANCHARD, co-fondatrice&hellip;\n","protected":false},"author":2,"featured_media":384211,"comment_status":"","ping_status":"","sticky":false,"template":"","format":"standard","meta":{"footnotes":""},"categories":[9566],"tags":[1111,11,2430,1777,674,1011,27,2731,12,25],"class_list":{"0":"post-384210","1":"post","2":"type-post","3":"status-publish","4":"format-standard","5":"has-post-thumbnail","7":"category-grenoble","8":"tag-actu","9":"tag-actualites","10":"tag-auvergne-rhone-alpes","11":"tag-eu","12":"tag-europe","13":"tag-fr","14":"tag-france","15":"tag-grenoble","16":"tag-news","17":"tag-republique-francaise"},"share_on_mastodon":{"url":"https:\/\/pubeurope.com\/@fr\/115188939059363272","error":""},"_links":{"self":[{"href":"https:\/\/www.europesays.com\/fr\/wp-json\/wp\/v2\/posts\/384210","targetHints":{"allow":["GET"]}}],"collection":[{"href":"https:\/\/www.europesays.com\/fr\/wp-json\/wp\/v2\/posts"}],"about":[{"href":"https:\/\/www.europesays.com\/fr\/wp-json\/wp\/v2\/types\/post"}],"author":[{"embeddable":true,"href":"https:\/\/www.europesays.com\/fr\/wp-json\/wp\/v2\/users\/2"}],"replies":[{"embeddable":true,"href":"https:\/\/www.europesays.com\/fr\/wp-json\/wp\/v2\/comments?post=384210"}],"version-history":[{"count":0,"href":"https:\/\/www.europesays.com\/fr\/wp-json\/wp\/v2\/posts\/384210\/revisions"}],"wp:featuredmedia":[{"embeddable":true,"href":"https:\/\/www.europesays.com\/fr\/wp-json\/wp\/v2\/media\/384211"}],"wp:attachment":[{"href":"https:\/\/www.europesays.com\/fr\/wp-json\/wp\/v2\/media?parent=384210"}],"wp:term":[{"taxonomy":"category","embeddable":true,"href":"https:\/\/www.europesays.com\/fr\/wp-json\/wp\/v2\/categories?post=384210"},{"taxonomy":"post_tag","embeddable":true,"href":"https:\/\/www.europesays.com\/fr\/wp-json\/wp\/v2\/tags?post=384210"}],"curies":[{"name":"wp","href":"https:\/\/api.w.org\/{rel}","templated":true}]}}