{"id":384212,"date":"2025-09-12T02:21:10","date_gmt":"2025-09-12T02:21:10","guid":{"rendered":"https:\/\/www.europesays.com\/fr\/384212\/"},"modified":"2025-09-12T02:21:10","modified_gmt":"2025-09-12T02:21:10","slug":"studio-chat-perche-pour-retomber-sur-ses-pattes","status":"publish","type":"post","link":"https:\/\/www.europesays.com\/fr\/384212\/","title":{"rendered":"Studio Chat Perch\u00e9\u00a0: pour retomber sur ses pattes\u2009!"},"content":{"rendered":"<p style=\"text-align: justify;\">Le Chat Perch\u00e9 \u00e9tait un bistrot chaleureux de la place Saint-Germain. Il a longtemps fait figure de rep\u00e8re. Mais ce n\u2019est plus au bout du comptoir que l\u2019on viendra chercher du r\u00e9confort, mais dans le mouvement et la rencontre chez Sonja et Valentine. Depuis le 6 septembre 2025, le Studio Chat Perch\u00e9 a ouvert ses portes au 8 bis quai \u00c9mile Zola, dans un b\u00e2timent embl\u00e9matique r\u00e9nov\u00e9, connu pour ses briques rouges et sa vue plongeante sur la Vilaine.<\/p>\n<p style=\"text-align: justify;\">Derri\u00e8re ce projet, deux jeunes entrepreneures passionn\u00e9es, Sonja Sch\u00e4fer et Valentine Lamiral. Elles ont imagin\u00e9 un site hybride o\u00f9 l\u2019on puisse autant s\u2019entra\u00eener que se ressourcer. Dans cet \u00e9tablissement, rien de froid ni de standardis\u00e9. Avec du bois clair et des plantes suspendues, le d\u00e9cor invite \u00e0 ralentir, \u00e0 se sentir bien. \u00ab\u2009C\u2019est un lieu o\u00f9 l\u2019on vient certes transpirer, mais aussi \u00e9changer, prendre le temps et cr\u00e9er du lien\u2009\u00bb, expliquent les concepteurs.<\/p>\n<blockquote>\n<p>Le Chat Perch\u00e9 version\u00a02025 se vit comme une bulle de respiration en plein centre-ville.<\/p>\n<\/blockquote>\n<p style=\"text-align: justify;\">En journ\u00e9e, les cours de yoga, de pilates ou de cross-training s\u2019adressent aussi bien \u00e0 ceux qui cherchent \u00e0 rel\u00e2cher les tensions qu\u2019\u00e0 ceux qui veulent repousser leurs limites. Les week-ends seront eux ponctu\u00e9s d\u2019ateliers th\u00e9matiques, pour sortir de sa routine. En revanche, le soir, le studio s\u2019ouvrira \u00e0 des rendez-vous conviviaux, presque comme des veill\u00e9es sportives et amicales. Pour prolonger l\u2019exp\u00e9rience, les fondatrices proposent m\u00eame des massages californiens d\u20191 h 15 ou des cours particuliers, dans une logique de soin global.<\/p>\n<p style=\"text-align: justify;\">Dans ce nouveau lieu, l\u2019\u00e9quipe d\u2019enseignants incarne cette diversit\u00e9. Elle est compos\u00e9e de Laurianne, danseuse professionnelle devenue professeure de yoga th\u00e9rapie, de Camille, ancienne artiste passionn\u00e9e de mobilit\u00e9 et de Manon, reconvertie du monde des affaires vers l\u2019enseignement du pilates et du yoga. Leurs histoires sont diff\u00e9rentes, \u00e0 l\u2019image des deux cr\u00e9atrices\u2009!<\/p>\n<p style=\"text-align: justify;\">\u00c0 28\u00a0ans, Sonja Sch\u00e4fer a quitt\u00e9 la communication et le tourisme pour se consacrer pleinement au yoga, qu\u2019elle professe d\u00e9sormais. \u00c0 26\u00a0ans, Valentine Lamiral a choisi de mettre ses dipl\u00f4mes en pr\u00e9paration physique et en entrepreneuriat au service du pilates et du cross-training. Ensemble, elles veulent b\u00e2tir un studio, un carrefour o\u00f9 l\u2019on vient chercher autant la performance que l\u2019\u00e9quilibre. \u00ab\u2009Nous avons envie de construire ce lieu avec les gens, pas seulement pour eux\u2009\u00bb, affirment-elles.<\/p>\n<p style=\"text-align: justify;\">Leur projet n\u2019aurait pas vu le jour sans le soutien d\u2019acteurs locaux. France Active, France Initiative, la CCI Bretagne et le CIC de Rennes ont accompagn\u00e9 leur d\u00e9marche, t\u00e9moignant de l\u2019ancrage rennais de cette aventure. Situ\u00e9 au 8 bis quai \u00c9mile Zola, en plein c\u0153ur de Rennes, il se d\u00e9couvre aussi en ligne sur studiochatperche.fr ou sur Instagram via @studiochatpercherennes. Les deux fondatrices y partagent d\u00e9j\u00e0 leur enthousiasme \u00e0 l\u2019approche de l\u2019ouverture, Sonja sous le nom @sonjafaitduyoga et Valentine via @vlpilates35.<\/p>\n","protected":false},"excerpt":{"rendered":"Le Chat Perch\u00e9 \u00e9tait un bistrot chaleureux de la place Saint-Germain. Il a longtemps fait figure de rep\u00e8re.&hellip;\n","protected":false},"author":2,"featured_media":384213,"comment_status":"","ping_status":"","sticky":false,"template":"","format":"standard","meta":{"footnotes":""},"categories":[2821],"tags":[1111,11,829,1777,674,1011,27,12,584,25],"class_list":{"0":"post-384212","1":"post","2":"type-post","3":"status-publish","4":"format-standard","5":"has-post-thumbnail","7":"category-rennes","8":"tag-actu","9":"tag-actualites","10":"tag-bretagne","11":"tag-eu","12":"tag-europe","13":"tag-fr","14":"tag-france","15":"tag-news","16":"tag-rennes","17":"tag-republique-francaise"},"share_on_mastodon":{"url":"https:\/\/pubeurope.com\/@fr\/115188942988974075","error":""},"_links":{"self":[{"href":"https:\/\/www.europesays.com\/fr\/wp-json\/wp\/v2\/posts\/384212","targetHints":{"allow":["GET"]}}],"collection":[{"href":"https:\/\/www.europesays.com\/fr\/wp-json\/wp\/v2\/posts"}],"about":[{"href":"https:\/\/www.europesays.com\/fr\/wp-json\/wp\/v2\/types\/post"}],"author":[{"embeddable":true,"href":"https:\/\/www.europesays.com\/fr\/wp-json\/wp\/v2\/users\/2"}],"replies":[{"embeddable":true,"href":"https:\/\/www.europesays.com\/fr\/wp-json\/wp\/v2\/comments?post=384212"}],"version-history":[{"count":0,"href":"https:\/\/www.europesays.com\/fr\/wp-json\/wp\/v2\/posts\/384212\/revisions"}],"wp:featuredmedia":[{"embeddable":true,"href":"https:\/\/www.europesays.com\/fr\/wp-json\/wp\/v2\/media\/384213"}],"wp:attachment":[{"href":"https:\/\/www.europesays.com\/fr\/wp-json\/wp\/v2\/media?parent=384212"}],"wp:term":[{"taxonomy":"category","embeddable":true,"href":"https:\/\/www.europesays.com\/fr\/wp-json\/wp\/v2\/categories?post=384212"},{"taxonomy":"post_tag","embeddable":true,"href":"https:\/\/www.europesays.com\/fr\/wp-json\/wp\/v2\/tags?post=384212"}],"curies":[{"name":"wp","href":"https:\/\/api.w.org\/{rel}","templated":true}]}}