{"id":384214,"date":"2025-09-12T02:22:29","date_gmt":"2025-09-12T02:22:29","guid":{"rendered":"https:\/\/www.europesays.com\/fr\/384214\/"},"modified":"2025-09-12T02:22:29","modified_gmt":"2025-09-12T02:22:29","slug":"a-rennes-un-pieton-renverse-et-grievement-blesse-par-une-voiture-lautomobiliste-a-pris","status":"publish","type":"post","link":"https:\/\/www.europesays.com\/fr\/384214\/","title":{"rendered":"\u00c0 Rennes, un pi\u00e9ton renvers\u00e9 et gri\u00e8vement bless\u00e9 par une voiture\u00a0: l\u2019automobiliste a pris"},"content":{"rendered":"<p>Jeudi 11\u00a0septembre 2025, un homme a \u00e9t\u00e9 renvers\u00e9 par une voiture alors qu\u2019il traversait la rue, sur un passage pi\u00e9ton, \u00e0 Rennes. La victime est gri\u00e8vement bless\u00e9e. L\u2019automobiliste a pris la fuite.<\/p>\n<p>Jeudi 11\u00a0septembre 2025, \u00e0 14\u00a0h\u00a050, un homme a \u00e9t\u00e9 renvers\u00e9 par une voiture alors qu\u2019il traversait sur un passage pi\u00e9ton, \u00e0 l\u2019angle de l\u2019avenue Charles et Raymonde Tillon et la rue de Saint-Malo, \u00e0 Rennes.<\/p>\n<p>Gri\u00e8vement bless\u00e9e, la victime a \u00e9t\u00e9 transport\u00e9e au CHU de Pontchaillou.<\/p>\n<p><strong>Lire aussi : <\/strong> <a target=\"_self\" href=\"https:\/\/www.ouest-france.fr\/societe\/faits-divers\/incendie-dun-bus-sur-la-rocade-de-rennes-la-route-depuis-nantes-fermee-jusqua-nouvel-ordre-c774eb7ahttps:\/\/www.ouest-france.fr\/societe\/faits-divers\/incendie-dun-bus-sur-la-rocade-de-rennes-la-route-depuis-nantes-fermee-jusqua-nouvel-ordre-c774eb7a-8e6e-11f0-b721-b06ecd26fbd1-8e6e-11f0-b721-b06ecd26fbd1\" rel=\"nofollow noopener\">Incendie d\u2019un bus sur la rocade de Rennes : la route depuis Nantes ferm\u00e9e jusqu\u2019\u00e0 nouvel ordre<\/a><\/p>\n<p>L\u2019automobiliste a pris la fuite<\/p>\n<p>Alors que l\u2019automobiliste a pris la fuite, la police interroge les t\u00e9moins de l\u2019accident<\/p>\n<p>\u00c0 15\u00a0h\u00a030, la circulation \u00e9tait toujours ferm\u00e9e sur l\u2019avenue\u00a0Charles et Raymonde Tillon, en direction de Villejean.<\/p>\n<p>\u00a0<\/p>\n","protected":false},"excerpt":{"rendered":"Jeudi 11\u00a0septembre 2025, un homme a \u00e9t\u00e9 renvers\u00e9 par une voiture alors qu\u2019il traversait la rue, sur un&hellip;\n","protected":false},"author":2,"featured_media":384215,"comment_status":"","ping_status":"","sticky":false,"template":"","format":"standard","meta":{"footnotes":""},"categories":[2821],"tags":[1111,11,15738,3916,829,1777,674,1011,27,7066,3915,12,29988,17907,584,23717,25,4752],"class_list":{"0":"post-384214","1":"post","2":"type-post","3":"status-publish","4":"format-standard","5":"has-post-thumbnail","7":"category-rennes","8":"tag-actu","9":"tag-actualites","10":"tag-automobiliste","11":"tag-blesse","12":"tag-bretagne","13":"tag-eu","14":"tag-europe","15":"tag-fr","16":"tag-france","17":"tag-fuite","18":"tag-grievement","19":"tag-news","20":"tag-pieton","21":"tag-pris","22":"tag-rennes","23":"tag-renverse","24":"tag-republique-francaise","25":"tag-voiture"},"share_on_mastodon":{"url":"https:\/\/pubeurope.com\/@fr\/115188946917398147","error":""},"_links":{"self":[{"href":"https:\/\/www.europesays.com\/fr\/wp-json\/wp\/v2\/posts\/384214","targetHints":{"allow":["GET"]}}],"collection":[{"href":"https:\/\/www.europesays.com\/fr\/wp-json\/wp\/v2\/posts"}],"about":[{"href":"https:\/\/www.europesays.com\/fr\/wp-json\/wp\/v2\/types\/post"}],"author":[{"embeddable":true,"href":"https:\/\/www.europesays.com\/fr\/wp-json\/wp\/v2\/users\/2"}],"replies":[{"embeddable":true,"href":"https:\/\/www.europesays.com\/fr\/wp-json\/wp\/v2\/comments?post=384214"}],"version-history":[{"count":0,"href":"https:\/\/www.europesays.com\/fr\/wp-json\/wp\/v2\/posts\/384214\/revisions"}],"wp:featuredmedia":[{"embeddable":true,"href":"https:\/\/www.europesays.com\/fr\/wp-json\/wp\/v2\/media\/384215"}],"wp:attachment":[{"href":"https:\/\/www.europesays.com\/fr\/wp-json\/wp\/v2\/media?parent=384214"}],"wp:term":[{"taxonomy":"category","embeddable":true,"href":"https:\/\/www.europesays.com\/fr\/wp-json\/wp\/v2\/categories?post=384214"},{"taxonomy":"post_tag","embeddable":true,"href":"https:\/\/www.europesays.com\/fr\/wp-json\/wp\/v2\/tags?post=384214"}],"curies":[{"name":"wp","href":"https:\/\/api.w.org\/{rel}","templated":true}]}}