{"id":384216,"date":"2025-09-12T02:24:01","date_gmt":"2025-09-12T02:24:01","guid":{"rendered":"https:\/\/www.europesays.com\/fr\/384216\/"},"modified":"2025-09-12T02:24:01","modified_gmt":"2025-09-12T02:24:01","slug":"des-blocages-et-une-importante-manifestation-a-strasbourg-rassemblements-plus-sages-en-alsace","status":"publish","type":"post","link":"https:\/\/www.europesays.com\/fr\/384216\/","title":{"rendered":"des blocages et une importante manifestation \u00e0 Strasbourg, rassemblements plus sages en Alsace"},"content":{"rendered":"<p class=\"wp-block-post-excerpt__excerpt\">La mobilisation du mercredi 10 septembre a abouti \u00e0 quelques blocages \u00e9ph\u00e9m\u00e8res et \u00e0 une manifestation de plus de 10\u00a0000 personnes \u00e0 Strasbourg. Dans le reste de l\u2019Alsace, des groupes plus modestes ont men\u00e9 des op\u00e9rations de tractage. <\/p>\n<p class=\"font-sans\">\n\t\t\tCet article est en acc\u00e8s libre. Pour soutenir Rue89 Strasbourg,<br \/>\n\t\t\t<a class=\"underline\" href=\"https:\/\/www.rue89strasbourg.com\/abonnement\" rel=\"nofollow noopener\" target=\"_blank\">abonnez-vous<\/a>.\n\t\t<\/p>\n<p>Guillaume Krempp<\/p>\n<p>Publi\u00e9 le 11 septembre 2025\u00a0\u00a0\u00b7\u00a0\u00a0<\/p>\n<p>Imprim\u00e9 le 12 septembre 2025 \u00e0 03h29\u00a0\u00a0\u00b7\u00a0\u00a0<\/p>\n<p>Modifi\u00e9 le 11 septembre 2025\u00a0\u00a0\u00b7\u00a0\u00a0<\/p>\n<p>\t\t\t\t\t3\u00a0minutes\n<\/p>\n<p class=\"has-drop-cap\">La circulation sur la M35 bloqu\u00e9e par un cort\u00e8ge tout de noir v\u00eatu. Mercredi 10 septembre, peu apr\u00e8s sept heures du matin, les automobilistes ont vu appara\u00eetre une nouvelle forme de mobilisation \u00e0 Strasbourg. Le <a href=\"https:\/\/www.rue89strasbourg.com\/bloquons-tout-pot-de-depart-bayrou-strasbourg-357953\" target=\"_blank\" rel=\"noreferrer noopener nofollow\">rendez-vous avait \u00e9t\u00e9 donn\u00e9 lors du pot de d\u00e9part du Premier ministre Fran\u00e7ois Bayrou<\/a>. Il avait ensuite \u00e9t\u00e9 relay\u00e9 sur les r\u00e9seaux sociaux. R\u00e9sultat\u00a0: environ 150 personnes <a href=\"https:\/\/www.rue89strasbourg.com\/mobilisations-bloquons-tout-direct-358713\" target=\"_blank\" rel=\"noreferrer noopener nofollow\">sont parvenues \u00e0 emp\u00eacher les voitures de circuler pendant quelques dizaines de minutes<\/a>.<\/p>\n<p><img loading=\"lazy\" decoding=\"async\" width=\"792\" height=\"528\" src=\"https:\/\/www.europesays.com\/fr\/wp-content\/uploads\/2025\/09\/dsc-8528-792x528.jpg\" alt=\"\" class=\"wp-image-358811\"  \/> Sur la M35, mercredi 10 septembre vers 7h.Photo\u00a0: Mathilde Cybulski \/ Rue89 Strasbourg<\/p>\n<p><img loading=\"lazy\" decoding=\"async\" width=\"792\" height=\"528\" data-id=\"358818\" src=\"https:\/\/www.europesays.com\/fr\/wp-content\/uploads\/2025\/09\/img-4014-792x528.jpg\" alt=\"\" class=\"wp-image-358818\"  \/><\/p>\n<p><img loading=\"lazy\" decoding=\"async\" width=\"792\" height=\"528\" data-id=\"359081\" src=\"https:\/\/www.europesays.com\/fr\/wp-content\/uploads\/2025\/09\/dsc-8509-1-792x528.jpg\" alt=\"\" class=\"wp-image-359081\"  \/><br \/>\n Les forces de l\u2019ordre sont rapidement intervenues pour d\u00e9bloquer les voies. <\/p>\n<p><a href=\"https:\/\/www.rue89strasbourg.com\/abonnement\" rel=\"nofollow noopener\" target=\"_blank\"><img loading=\"lazy\" decoding=\"async\" width=\"970\" height=\"250\" src=\"https:\/\/www.europesays.com\/fr\/wp-content\/uploads\/2025\/05\/bannie\u0300re-autopromo-2025-desktop-1.gif\" alt=\"\" class=\"wp-image-343590\" style=\"width:792px\"\/><\/a><\/p>\n<p><a href=\"https:\/\/www.rue89strasbourg.com\/abonnement\" rel=\"nofollow noopener\" target=\"_blank\"><img loading=\"lazy\" decoding=\"async\" width=\"300\" height=\"300\" src=\"https:\/\/www.europesays.com\/fr\/wp-content\/uploads\/2025\/05\/bannieres@2x.png\" alt=\"\" class=\"wp-image-341656\"  \/><\/a><\/p>\n<p>18 personnes interpell\u00e9es<\/p>\n<p>Les perturbations se sont ensuite d\u00e9plac\u00e9es au gr\u00e9 des p\u00e9r\u00e9grinations du groupe. En parall\u00e8le, lyc\u00e9ens et lyc\u00e9ennes se mobilisaient dans trois lyc\u00e9es de la ville\u00a0: Fustel-de-Coulanges, Pontonniers et Marie Curie. Au total, 18 personnes ont \u00e9t\u00e9 interpell\u00e9es par les forces de l\u2019ordre. En d\u00e9but d\u2019apr\u00e8s-midi, 11 militants et militantes avaient d\u00e9j\u00e0 \u00e9t\u00e9 arr\u00eat\u00e9es pour des actes qualifi\u00e9s de \u00ab\u00a0r\u00e9bellion\u00a0\u00bb, six dans le cadre de l\u2019action visant \u00e0 bloquer la M35, cinq lors des blocages des lyc\u00e9es Pontonniers et Fustel-de-Coulanges.<\/p>\n<p><img loading=\"lazy\" decoding=\"async\" width=\"792\" height=\"528\" src=\"https:\/\/www.europesays.com\/fr\/wp-content\/uploads\/2025\/09\/dsc-8707-1-792x528.jpg\" alt=\"\" class=\"wp-image-358871\"  \/> Au lyc\u00e9e des Pontonniers, les forces de l\u2019ordre ont fait usage de gaz lacrymog\u00e8ne et ont interpell\u00e9 plusieurs lyc\u00e9ens. Photo\u00a0: Mathilde Cybulski \/ Rue89 Strasbourg<\/p>\n<p>Dans l\u2019apr\u00e8s-midi, la manifestation d\u00e9clar\u00e9e par la CGT a \u00e9t\u00e9 calme. La maire de Strasbourg Jeanne Barseghian (Les \u00c9cologistes) est venue t\u00e9moigner de sa solidarit\u00e9 avec le mouvement. Un important cort\u00e8ge s\u2019est ensuite \u00e9lanc\u00e9. Plus de 10\u00a0000 personnes selon le syndicat organisateur, une estimation corrobor\u00e9e par notre journaliste sur place. La pr\u00e9fecture du Bas-Rhin, qui a requis et obtenu l\u2019utilisation de drones de surveillance, a estim\u00e9 \u00e0 4\u00a0900 le nombre de participants.<\/p>\n<p><img loading=\"lazy\" decoding=\"async\" width=\"792\" height=\"528\" src=\"https:\/\/www.europesays.com\/fr\/wp-content\/uploads\/2025\/09\/dsc-8868-792x528.jpg\" alt=\"\" class=\"wp-image-358948\"  \/> Plus de 10\u00a0000 manifestants selon la CGT, 4\u00a0900 selon la pr\u00e9fecture du Bas-Rhin.Photo\u00a0: Mathilde Cybulski<\/p>\n<p><img loading=\"lazy\" decoding=\"async\" width=\"792\" height=\"594\" data-id=\"358944\" src=\"https:\/\/www.europesays.com\/fr\/wp-content\/uploads\/2025\/09\/pxl-20250910-123604955-1-792x594.jpg\" alt=\"\" class=\"wp-image-358944\"  \/> Laurent Feistauer, secr\u00e9taire g\u00e9n\u00e9ral de la CGT 67.Photo\u00a0: Thibault Vetter \/ Rue89 Strasbourg<\/p>\n<p><img loading=\"lazy\" decoding=\"async\" width=\"792\" height=\"528\" data-id=\"358940\" src=\"https:\/\/www.europesays.com\/fr\/wp-content\/uploads\/2025\/09\/dsc-8833-792x528.jpg\" alt=\"\" class=\"wp-image-358940\"  \/> Manifestation du mercredi 10 septembre place Kl\u00e9ber \u00e0 Strasbourg. Photo\u00a0: Mathilde Cybulski<\/p>\n<p><img loading=\"lazy\" decoding=\"async\" width=\"792\" height=\"528\" data-id=\"358951\" src=\"https:\/\/www.europesays.com\/fr\/wp-content\/uploads\/2025\/09\/dsc-8876-1-792x528.jpg\" alt=\"\" class=\"wp-image-358951\"  \/><\/p>\n<p>\t\tAppels \u00e0 de prochains rendez-vous<\/p>\n<p>Place de la R\u00e9publique, les prises de parole se sont succ\u00e9d\u00e9 pour appeler \u00e0 poursuivre le mouvement. Un rendez-vous a \u00e9t\u00e9 pris d\u00e8s jeudi 11 septembre \u00e0 8h, place de la Gare \u00e0 Strasbourg. Une assembl\u00e9e g\u00e9n\u00e9rale doit avoir lieu le m\u00eame jour \u00e0 18h au parc de la Citadelle. Les militants et militantes comptent ainsi organiser de nouvelles actions avant la journ\u00e9e de gr\u00e8ves et de manifestations annonc\u00e9e par les syndicats Unsa, CFDT, CGT, FO, CGC, CFTC, Solidaires et FSU.<\/p>\n<p><img loading=\"lazy\" decoding=\"async\" width=\"792\" height=\"528\" src=\"https:\/\/www.europesays.com\/fr\/wp-content\/uploads\/2025\/09\/dsc-9062-792x528.jpg\" alt=\"\" class=\"wp-image-358999\"  \/> La manifestation s\u2019est termin\u00e9e place de la R\u00e9publique avec des prises de parole, entre rendez-vous pour organiser les prochaines actions et discours appelant \u00e0 faire perdurer le mouvement.Photo\u00a0: Mathilde Cybulski \/ Rue89 Strasbourg<\/p>\n<p>Un cort\u00e8ge de plus de 1\u00a0000 personnes est parti vers l\u2019H\u00f4tel de police en fin d\u2019apr\u00e8s-midi, dans l\u2019optique de \u00ab\u00a0soutenir\u00a0\u00bb les personnes interpell\u00e9es. Les manifestants ont \u00e9t\u00e9 emp\u00each\u00e9s de s\u2019approcher du commissariat par les forces de l\u2019ordre. La mobilisation a alors pris la forme d\u2019un sit-in, sur le carrefour entre le quai Fustel de Coulanges et la rue de la 1\u00e8re Arm\u00e9e, o\u00f9 le groupe scandait r\u00e9guli\u00e8rement\u00a0: \u00ab\u00a0Lib\u00e9rez nos camarades\u00a0\u00bb. La police nationale a us\u00e9 d\u2019une grande quantit\u00e9 de gaz lacrymog\u00e8ne pour d\u00e9bloquer la zone.<\/p>\n<p><img loading=\"lazy\" decoding=\"async\" width=\"792\" height=\"528\" data-id=\"359048\" src=\"https:\/\/www.europesays.com\/fr\/wp-content\/uploads\/2025\/09\/1000020368-792x528.jpg\" alt=\"\" class=\"wp-image-359048\"  \/><\/p>\n<p><img loading=\"lazy\" decoding=\"async\" width=\"792\" height=\"528\" data-id=\"359047\" src=\"https:\/\/www.europesays.com\/fr\/wp-content\/uploads\/2025\/09\/1000020367-792x528.jpg\" alt=\"\" class=\"wp-image-359047\"  \/><\/p>\n<p><img loading=\"lazy\" decoding=\"async\" width=\"792\" height=\"528\" data-id=\"359046\" src=\"https:\/\/www.europesays.com\/fr\/wp-content\/uploads\/2025\/09\/1000020366-792x528.jpg\" alt=\"\" class=\"wp-image-359046\"  \/><\/p>\n<p><img loading=\"lazy\" decoding=\"async\" width=\"792\" height=\"528\" data-id=\"359082\" src=\"https:\/\/www.europesays.com\/fr\/wp-content\/uploads\/2025\/09\/dsc-9378-792x528.jpg\" alt=\"\" class=\"wp-image-359082\"  \/><br \/>\n Apr\u00e8s une heure et demie, les policiers ont d\u00e9gag\u00e9 la place de la Bourse \u00e0 coups de gaz lacrymog\u00e8ne.<\/p>\n<p>Tractage sans blocage dans le reste de l\u2019Alsace<\/p>\n<p>\u00c0 Haguenau, une op\u00e9ration de tractage \u00e0 destination des automobilistes a eu lieu au rond point vers Schweighouse-sur-Moder. Une \u00ab\u00a0manifestation festive\u00a0\u00bb a suivi entre la gare et le centre-ville. \u00c0 Saverne, une trentaine de personnes \u00e9taient r\u00e9unies devant la gare pour d\u00e9noncer le manque de moyens dans le service public et une taxation excessive des classes moyennes. \u00c0 S\u00e9lestat aussi, une vingtaine de personnes ont manifest\u00e9 dans le calme sur la place d\u2019Armes.<\/p>\n<p><img loading=\"lazy\" decoding=\"async\" width=\"792\" height=\"446\" src=\"https:\/\/www.europesays.com\/fr\/wp-content\/uploads\/2025\/09\/20250910-074251-792x446.jpg\" alt=\"\" class=\"wp-image-358809\"  \/> \u00c0 Haguenau, la mobilisation a pris la forme d\u2019un tractage sans bloquer les automobilistes.Photo\u00a0: Nicolas Thomas \/ Rue89 Strasbourg<\/p>\n<p>Dans le Haut-Rhin, une mobilisation a rassembl\u00e9 pr\u00e8s de 500 manifestants en fin de matin\u00e9e \u00e0 Colmar. Du c\u00f4t\u00e9 de Mulhouse, le cort\u00e8ge \u00e9tait constitu\u00e9 de 1\u00a0100 personnes, selon les chiffres de la police. Le syndicat CGT a compt\u00e9 entre 2\u00a0200 \u00e0 2\u00a0400 manifestants.<\/p>\n","protected":false},"excerpt":{"rendered":"La mobilisation du mercredi 10 septembre a abouti \u00e0 quelques blocages \u00e9ph\u00e9m\u00e8res et \u00e0 une manifestation de plus&hellip;\n","protected":false},"author":2,"featured_media":384217,"comment_status":"","ping_status":"","sticky":false,"template":"","format":"standard","meta":{"footnotes":""},"categories":[2820],"tags":[1111,11,47212,1777,674,1011,27,775,2088,12,25,640],"class_list":{"0":"post-384216","1":"post","2":"type-post","3":"status-publish","4":"format-standard","5":"has-post-thumbnail","7":"category-strasbourg","8":"tag-actu","9":"tag-actualites","10":"tag-bloquons-tout","11":"tag-eu","12":"tag-europe","13":"tag-fr","14":"tag-france","15":"tag-grand-est","16":"tag-manifestation","17":"tag-news","18":"tag-republique-francaise","19":"tag-strasbourg"},"share_on_mastodon":{"url":"","error":""},"_links":{"self":[{"href":"https:\/\/www.europesays.com\/fr\/wp-json\/wp\/v2\/posts\/384216","targetHints":{"allow":["GET"]}}],"collection":[{"href":"https:\/\/www.europesays.com\/fr\/wp-json\/wp\/v2\/posts"}],"about":[{"href":"https:\/\/www.europesays.com\/fr\/wp-json\/wp\/v2\/types\/post"}],"author":[{"embeddable":true,"href":"https:\/\/www.europesays.com\/fr\/wp-json\/wp\/v2\/users\/2"}],"replies":[{"embeddable":true,"href":"https:\/\/www.europesays.com\/fr\/wp-json\/wp\/v2\/comments?post=384216"}],"version-history":[{"count":0,"href":"https:\/\/www.europesays.com\/fr\/wp-json\/wp\/v2\/posts\/384216\/revisions"}],"wp:featuredmedia":[{"embeddable":true,"href":"https:\/\/www.europesays.com\/fr\/wp-json\/wp\/v2\/media\/384217"}],"wp:attachment":[{"href":"https:\/\/www.europesays.com\/fr\/wp-json\/wp\/v2\/media?parent=384216"}],"wp:term":[{"taxonomy":"category","embeddable":true,"href":"https:\/\/www.europesays.com\/fr\/wp-json\/wp\/v2\/categories?post=384216"},{"taxonomy":"post_tag","embeddable":true,"href":"https:\/\/www.europesays.com\/fr\/wp-json\/wp\/v2\/tags?post=384216"}],"curies":[{"name":"wp","href":"https:\/\/api.w.org\/{rel}","templated":true}]}}