{"id":384218,"date":"2025-09-12T02:25:12","date_gmt":"2025-09-12T02:25:12","guid":{"rendered":"https:\/\/www.europesays.com\/fr\/384218\/"},"modified":"2025-09-12T02:25:12","modified_gmt":"2025-09-12T02:25:12","slug":"bloquons-tout-comment-ici-alsace-a-prepare-sa-couverture-de-la-mobilisation-du-10-septembre","status":"publish","type":"post","link":"https:\/\/www.europesays.com\/fr\/384218\/","title":{"rendered":"\u00ab\u00a0Bloquons tout\u00a0\u00bb\u00a0: comment Ici Alsace a pr\u00e9par\u00e9 sa couverture de la mobilisation du 10\u00a0septembre"},"content":{"rendered":"<p>Le 9 septembre au matin, dans les locaux strasbourgeois de la radio publique locale Ici Alsace, la conf\u00e9rence de r\u00e9daction laisse peu de place \u00e0 l\u2019actu du jour. L\u2019urgence est \u00e0 l\u2019organisation du lendemain, journ\u00e9e de mobilisation appelant \u00e0 bloquer tout le pays. Les journalistes autour de la table le savent\u00a0: ce mouvement sera particuli\u00e8rement suivi en Alsace, o\u00f9 les groupes Telegram sont\u00a0\u00ab\u00a0tr\u00e8s fournis \u00bb, rel\u00e8ve la r\u00e9dactrice en chef Maud Czaja. Le canal d\u00e9partemental du Bas-Rhin compte alors 1 500 membres, un chiffre qui a doubl\u00e9 en une semaine.<\/p>\n<p>Autour de la table, plusieurs t\u00e9l\u00e9phones restent branch\u00e9s sur l\u2019application, \u00e0 l\u2019aff\u00fbt des derni\u00e8res informations sur les blocages annonc\u00e9s.\u00a0\u00ab\u00a0La pr\u00e9fecture refuse de communiquer, explique Maud \u00e0 son \u00e9quipe. Il faudra suivre la situation au fil de la journ\u00e9e. \u00bb La veille au soir, la journaliste Aur\u00e9lie Locquet avait d\u00e9j\u00e0 post\u00e9 sur le canal\u00a0\u00ab\u00a0Indignons-nous Bas-Rhin\u00a0\u00bb un message indiquant qu\u2019elle couvrirait les diff\u00e9rents points de blocage. Elle y pr\u00e9cisait \u00eatre joignable en priv\u00e9 pour obtenir les lieux de rendez-vous, garantissant une\u00a0\u00ab\u00a0confidentialit\u00e9 assur\u00e9e avant le d\u00e9but de l\u2019action\u00a0\u00bb.<\/p>\n<p>Un suivi in\u00e9dit avec Telegram<\/p>\n<p>Sur ce m\u00eame groupe, plusieurs messages publi\u00e9s dans la matin\u00e9e visent le m\u00e9dia ind\u00e9pendant Rue89 Strasbourg, qui revendique \u00eatre engag\u00e9 \u00ab\u00a0contre les injustices et discriminations\u00a0\u00bb et \u00ab\u00a0sensible aux luttes sociales\u00a0\u00bb. La veille, l\u2019un de ses journalistes pr\u00e9sent lors du rassemblement c\u00e9l\u00e9brant le d\u00e9part de Fran\u00e7ois Bayrou avait r\u00e9v\u00e9l\u00e9 <a href=\"https:\/\/www.rue89strasbourg.com\/bloquons-tout-petits-papiers-depart-bayrou-strasbourg-358620\" target=\"_blank\" class=\" link-underline\" rel=\"nofollow noopener\">dans un article<\/a> le projet des manifestants de bloquer l\u2019autoroute et l\u2019arr\u00eat de tramway servant de lieu de rendez-vous.\u00a0\u00ab\u00a0Belle mani\u00e8re de coop\u00e9rer avec les keufs\u00a0\u00bb, peut-on lire sur Telegram. Le journaliste r\u00e9pond par un long message, assurant que la diffusion publique du rendez-vous avait \u00e9t\u00e9 r\u00e9clam\u00e9e par plusieurs organisateurs, l\u2019\u00ab\u00a0objectif \u00e9tant de faire nombre\u00a0\u00bb. Sur ce coup-l\u00e0,\u00a0\u00ab\u00a0ils ont jou\u00e9 avec le feu \u00bb, commente Maud Czaja.<\/p>\n<blockquote>\n<p>\u00ab\u00a0Personne ne se sent l\u00e9gitime \u00e0 nous r\u00e9pondre\u00a0\u00bb<\/p>\n<\/blockquote>\n<p>Cette communication directe avec les manifestants gr\u00e2ce \u00e0 Telegram est in\u00e9dite pour les journalistes de la station locale. Pour Aur\u00e9lie Locquet,\u00a0\u00ab\u00a0\u00e7a permet de mieux conna\u00eetre le mouvement \u00bb, mais pas forc\u00e9ment d\u2019avoir des informations plus facilement. \u00ab\u00a0Personne ne se sent l\u00e9gitime \u00e0 nous r\u00e9pondre sur les diff\u00e9rents groupes, comme il n\u2019y a pas de porte-parole ou d\u2019organisateur d\u00e9sign\u00e9, explique-t-elle. C\u2019est aussi difficile de suivre tellement il y a de messages. Si tu n\u2019ouvres pas l\u2019application pendant une journ\u00e9e, tu peux avoir 500 messages \u00e0 rattraper\u00a0!\u00a0\u00bb<\/p>\n<p>\u00ab\u00a0On est plus pr\u00e9par\u00e9s\u00a0\u00bb<\/p>\n<p>En pr\u00e9vision du lendemain, le dispositif est d\u00e9sormais arr\u00eat\u00e9\u00a0: trois journalistes couvriront le terrain dans le Bas-Rhin. Olivier Vogel suivra la manifestation pr\u00e9vue \u00e0 14 heures place Kl\u00e9ber, Aur\u00e9lie Locquet le blocage de l\u2019autoroute d\u00e8s 7 heures, et une troisi\u00e8me journaliste se rendra \u00e0 Haguenau (36 000 habitants, \u00e0 une trentaine de kilom\u00e8tres de Strasbourg). Maud Czaja, de son c\u00f4t\u00e9, coordonnera le desk, qui centralise et tri les informations depuis la r\u00e9daction. Dans le Haut-Rhin, un autre journaliste sera d\u00e9ploy\u00e9 \u00e0 Colmar et Mulhouse, o\u00f9 la mobilisation s\u2019annonce plus limit\u00e9e.\u00a0\u00ab\u00a0L\u2019id\u00e9e est de ne pas avoir uniquement un prisme strasbourgeois \u00bb, explique la r\u00e9dactrice en chef.<\/p>\n<p>Contrairement au mouvement des\u00a0\u00ab\u00a0<a href=\"https:\/\/larevuedesmedias.ina.fr\/recherche?q=gilets+jaunes&amp;sort=pertinence&amp;order=desc\" target=\"_blank\" class=\" link-underline\" rel=\"nofollow noopener\">gilets jaunes<\/a>\u00a0\u00bb, pour lequel la radio avait mobilis\u00e9 de jeunes pigistes en derni\u00e8re minute, les cinq journalistes envoy\u00e9s sur le terrain le 10 septembre sont tous titulaires et exp\u00e9riment\u00e9s.\u00a0\u00ab\u00a0On est plus pr\u00e9par\u00e9s et on a renforc\u00e9 les \u00e9quipes, souligne Maud Czaja. On a aussi beaucoup plus conscience de cette d\u00e9fiance envers les m\u00e9dias qu\u2019au moment des gilets jaunes.\u00a0\u00bb Cette fois, ils couvrent un mouvement qu\u2019ils suivent depuis le milieu de l\u2019\u00e9t\u00e9. La r\u00e9daction alsacienne a \u00e9t\u00e9 la premi\u00e8re du r\u00e9seau Ici (ex-France bleu) \u00e0 s\u2019emparer du sujet.<\/p>\n<p>C\u2019\u00e9tait un mois avant le 10 septembre.\u00a0\u00ab\u00a0On a eu connaissance de ce mouvement, mais on ne savait pas trop ce qu\u2019il en \u00e9tait \u00bb, se souvient Maud Czaja. Apr\u00e8s quelques coups de fil pass\u00e9s \u00e0 d\u2019anciens gilets jaunes de la r\u00e9gion, <a href=\"https:\/\/www.francebleu.fr\/emissions\/l-info-d-ici-ici-alsace\/mobilisation-du-10-septembre-ex-gilets-jaunes-partis-politiques-et-syndicats-commencent-a-se-positionner-en-alsace-9542888\" target=\"_blank\" class=\" link-underline\" rel=\"nofollow noopener\">un premier article para\u00eet le 11 ao\u00fbt<\/a>, tentant d\u2019identifier les acteurs \u00e0 l\u2019origine de la mobilisation.\u00a0\u00ab\u00a0\u00c7a restait tr\u00e8s flou, avec seulement quelques t\u00e9moignages, note la r\u00e9dactrice en chef. Au d\u00e9but, la difficult\u00e9 a \u00e9t\u00e9 de parler de quelque chose qui \u00e9merge r\u00e9ellement sans faire nous-m\u00eames monter la chose.\u00a0\u00bb<\/p>\n<p>D\u00e9fiance<\/p>\n<p>Fin ao\u00fbt, alors que le mouvement prend de l\u2019ampleur, elle publie un message sur Telegram pour savoir si un journaliste peut couvrir une assembl\u00e9e g\u00e9n\u00e9rale pr\u00e9vue le 29 \u00e0 S\u00e9lestat, au nord de Strasbourg. Les premi\u00e8res r\u00e9ponses ne tardent pas. Elles questionnent les r\u00e9elles intentions de la journaliste, supposant un travail forc\u00e9ment\u00a0\u00ab\u00a0biais\u00e9 \u00bb si elle ne partage pas les motivations du mouvement. Certaines qualifient son antenne de\u00a0\u00ab\u00a0radio d\u2019\u00c9tat \u00bb.\u00a0\u00ab\u00a0Le fameux \u201cmerdia\u201d est souvent revenu \u00bb, t\u00e9moigne Maud Czaja. Quelques heures plus tard, un membre du groupe prend n\u00e9anmoins sa d\u00e9fense, estimant qu\u2019\u00e9changer avec des journalistes permet de\u00a0\u00ab\u00a0faire passer des messages \u00bb. Il finit par accepter la proposition\u00a0:\u00a0\u00ab\u00a0Si vous ne voulez pas parler avec elle, moi je le ferai. \u00bb Ces deux positions s\u2019opposent presque syst\u00e9matiquement \u00e0 chaque sollicitation des m\u00e9dias sur Telegram.<\/p>\n<blockquote>\n<p> \u00ab\u00a0Ils ont l\u2019habitude de nous voir, de voir le micro\u00a0\u00bb<\/p>\n<\/blockquote>\n<p>\u00ab\u00a0Ils ont peur qu\u2019on coupe nos interviews, et qu\u2019on modifie ce qu\u2019ils disent. Il y a une vraie d\u00e9fiance \u00e0 ce niveau-l\u00e0\u00a0\u00bb, raconte la r\u00e9dactrice en chef. Oliver Vogel, habitu\u00e9 \u00e0 suivre les mouvements sociaux, entend souvent la frustration des manifestants pour qui les m\u00e9dias ne \u00ab\u00a0retiennent qu\u2019une phrase\u00a0\u00bb de leur discours.\u00a0\u00ab\u00a0C\u2019est vrai que, moi aussi, j\u2019ai d\u00fb garder cinq secondes d\u2019une lyc\u00e9enne que j\u2019ai interview\u00e9e. On a une contrainte de montage, mais j\u2019essaie de ne jamais d\u00e9former le sens des propos \u00bb, raconte-t-il.<\/p>\n<p>\u00ab\u00a0Pas l\u00e0 pour prendre parti\u00a0\u00bb<\/p>\n<p>Le statut de radio locale prot\u00e8ge tout de m\u00eame les journalistes d\u2019Ici Alsace des critiques les plus s\u00e9v\u00e8res.\u00a0\u00ab\u00a0On entend souvent que nous ne sommes pas mis dans le m\u00eame sac que les BFM et autres r\u00e9dactions parisiennes \u00bb, note Maud Czaja.\u00a0\u00ab\u00a0Ils ont l\u2019habitude de nous voir, de voir le micro \u00bb, poursuit Aur\u00e9lie Locquet. Pr\u00e9sente \u00e0 l\u2019assembl\u00e9e g\u00e9n\u00e9rale strasbourgeoise du 27 ao\u00fbt, la journaliste a m\u00eame \u00e9t\u00e9 applaudie par la cinquantaine de participants.\u00a0\u00ab\u00a0Ils voulaient savoir si j\u2019\u00e9tais syndiqu\u00e9e et si je participais \u00e0 la gr\u00e8ve de Radio France. Lorsque j\u2019ai dit oui, ils ont tous applaudi \u00bb, raconte-t-elle. Par la suite, la journaliste sent toujours \u00ab\u00a0une petite m\u00e9fiance\u00a0\u00bb, mais aucune\u00a0\u00ab\u00a0hostilit\u00e9\u00a0\u00bb. Elle explique avoir d\u00fb rappeler \u00e0 plusieurs reprises ses m\u00e9thodes de travail\u00a0: pas d\u2019enregistrements sans accord pr\u00e9alable, confidentialit\u00e9 des informations sur les actions et blocages \u00e0 venir, et possibilit\u00e9 de garantir l\u2019anonymat. Mais aussi qu\u2019elle n\u2019est\u00a0\u00ab\u00a0pas l\u00e0 pour prendre parti \u00bb, car pour beaucoup, \u00ab\u00a0si on n\u2019est pas d\u2019accord avec eux, on ne peut pas suivre ce qu\u2019ils font\u00a0\u00bb, ajoute-t-elle.<\/p>\n<p>                  <img fetchpriority=\"high\" decoding=\"async\" loading=\"eager\" width=\"1000\" height=\"750\" src=\"https:\/\/www.europesays.com\/fr\/wp-content\/uploads\/2025\/09\/Image (5) res.jpg\" alt=\"cortr\u00e8ge place Kl\u00e9ber\"\/><\/p>\n<p>Le cort\u00e8ge a d\u00e9marr\u00e9 place Kl\u00e9ber \u00e0 Strasbourg.  Ici Alsace a d\u00e9nombr\u00e9 10 000 manifestants. Photo T. S.<\/p>\n<p>Une semaine apr\u00e8s cet \u00e9pisode, le 3 septembre, la deuxi\u00e8me assembl\u00e9e g\u00e9n\u00e9rale couverte par la radio rassemblait une centaine de personnes \u00e0 Strasbourg. Olivier Vogel \u00e9tait en terrain familier\u00a0:\u00a0\u00ab\u00a0J\u2019en connaissais presque un sur trois. C\u2019\u00e9tait des gens que je croise en manifestations depuis des d\u00e9cennies \u00bb, sourit-il. Selon lui, l\u2019enregistrement du son sans l\u2019image rend aussi son travail plus simple dans ce type d\u2019\u00e9v\u00e9nement.\u00a0\u00ab\u00a0La t\u00e9l\u00e9, c\u2019est plus compliqu\u00e9 car tu reconnais forc\u00e9ment les gens, donc ils sont automatiquement plus r\u00e9ticents, juge-t-il. C\u2019est plus simple d\u2019\u00eatre partout en radio, notamment lors d\u2019actions en manifestation lors desquelles les cam\u00e9ras et objectifs ne sont pas les bienvenus.\u00a0\u00bb<\/p>\n<p>Ouverture mise au vote<\/p>\n<p>Avant ces deux assembl\u00e9es g\u00e9n\u00e9rales, la participation des journalistes a \u00e9t\u00e9 soumise au vote des participants. Dans les deux cas, une grande majorit\u00e9 s\u2019est prononc\u00e9e en faveur de leur pr\u00e9sence. Seule l\u2019assembl\u00e9e g\u00e9n\u00e9rale \u00e9tudiante, tenue en milieu de journ\u00e9e le 10 septembre, l\u2019a refus\u00e9e (en cause notamment\u00a0: l\u2019article de Rue89 r\u00e9v\u00e9lant le projet de blocage du tramway). Les \u00e9tudiants ont \u00e9galement reproch\u00e9 \u00e0 France 3 sa couverture du m\u00eame \u00e9v\u00e9nement.<\/p>\n<p>Ce jour-l\u00e0, \u00e0 7 heures du matin, une centaine de personnes se retrouvent \u00e0 l\u2019arr\u00eat de tramway Montagne verte, entour\u00e9es d\u2019une dizaine de journalistes. V\u00eatus de noir, les manifestants r\u00e9pondent aux questions de BFMTV, Mediapart, Rue89, France 3 et Ici Alsace, tout en demandant presque syst\u00e9matiquement l\u2019anonymat pour se prot\u00e9ger. Apr\u00e8s trente minutes de blocage de la M35, les grenades lacrymog\u00e8nes tir\u00e9es par les policiers ach\u00e8vent la dispersion des personnes pr\u00e9sentes.<\/p>\n<p>Un cort\u00e8ge massif<\/p>\n<p>\u00c0 14 heures, le cort\u00e8ge d\u00e9marre place Kl\u00e9ber. Ici Alsace <a href=\"https:\/\/www.francebleu.fr\/infos\/economie-social\/direct-bloquons-tout-suivez-la-mobilisation-en-alsace-2105539\" target=\"_blank\" class=\" link-underline\" rel=\"nofollow noopener\">d\u00e9nombre 10 000 manifestants<\/a>. \u00ab\u00a0C\u2019est vraiment massif, il y a beaucoup de monde par rapport aux mobilisations pr\u00e9c\u00e9dentes \u00e0 Strasbourg\u00a0\u00bb, note Olivier Vogel. Au long de l\u2019apr\u00e8s-midi, le journaliste recueille les t\u00e9moignages et revendications des manifestants. Au sein du cort\u00e8ge, il remarque la pr\u00e9sence de la maire de Strasbourg Jeanne Barseghian (EELV), de l\u2019eurod\u00e9put\u00e9e Marion Aubry (LFI) et des d\u00e9put\u00e9s Sandra Regol (EELV) et Emmanuel Fernandes (LFI).\u00a0\u00ab\u00a0J\u2019ai vu que BFM a fondu sur Jeanne Barseghian. Moi, je me suis dit\u00a0\u00ab\u00a0Ah quoi bon\u00a0?\u00a0\u00bb J\u2019ai mentionn\u00e9 leur pr\u00e9sence dans le papier mais sans les interviewer car je ne vois pas l\u2019int\u00e9r\u00eat \u00bb, soutient-il.<\/p>\n<p>Le lendemain, en conf\u00e9rence de r\u00e9daction, on r\u00e9agit \u00e0 l\u2019affluence importante et au d\u00e9roulement de la manifestation\u00a0:\u00a0\u00ab\u00a0C\u2019\u00e9tait quand m\u00eame tr\u00e8s calme hier, on \u00e9tait tr\u00e8s loin d\u2019une journ\u00e9e de blocage \u00bb, pointe la r\u00e9dactrice en chef. L\u2019\u00e9quipe choisit de ne pas d\u00e9p\u00eacher de journaliste \u00e0 l\u2019assembl\u00e9e g\u00e9n\u00e9rale pr\u00e9vue le soir m\u00eame \u00e0 Strasbourg, estimant que le suivi sur Telegram suffira pour rep\u00e9rer d\u2019\u00e9ventuelles nouvelles actions. D\u2019autres sujets occupent ensuite plus longuement la discussion, en attendant la prochaine mobilisation annonc\u00e9e par les syndicats le 18 septembre.<\/p>\n","protected":false},"excerpt":{"rendered":"Le 9 septembre au matin, dans les locaux strasbourgeois de la radio publique locale Ici Alsace, la conf\u00e9rence&hellip;\n","protected":false},"author":2,"featured_media":384219,"comment_status":"","ping_status":"","sticky":false,"template":"","format":"standard","meta":{"footnotes":""},"categories":[2820],"tags":[1111,11,1777,674,1011,27,775,12,25,640],"class_list":{"0":"post-384218","1":"post","2":"type-post","3":"status-publish","4":"format-standard","5":"has-post-thumbnail","7":"category-strasbourg","8":"tag-actu","9":"tag-actualites","10":"tag-eu","11":"tag-europe","12":"tag-fr","13":"tag-france","14":"tag-grand-est","15":"tag-news","16":"tag-republique-francaise","17":"tag-strasbourg"},"share_on_mastodon":{"url":"https:\/\/pubeurope.com\/@fr\/115188958776053748","error":""},"_links":{"self":[{"href":"https:\/\/www.europesays.com\/fr\/wp-json\/wp\/v2\/posts\/384218","targetHints":{"allow":["GET"]}}],"collection":[{"href":"https:\/\/www.europesays.com\/fr\/wp-json\/wp\/v2\/posts"}],"about":[{"href":"https:\/\/www.europesays.com\/fr\/wp-json\/wp\/v2\/types\/post"}],"author":[{"embeddable":true,"href":"https:\/\/www.europesays.com\/fr\/wp-json\/wp\/v2\/users\/2"}],"replies":[{"embeddable":true,"href":"https:\/\/www.europesays.com\/fr\/wp-json\/wp\/v2\/comments?post=384218"}],"version-history":[{"count":0,"href":"https:\/\/www.europesays.com\/fr\/wp-json\/wp\/v2\/posts\/384218\/revisions"}],"wp:featuredmedia":[{"embeddable":true,"href":"https:\/\/www.europesays.com\/fr\/wp-json\/wp\/v2\/media\/384219"}],"wp:attachment":[{"href":"https:\/\/www.europesays.com\/fr\/wp-json\/wp\/v2\/media?parent=384218"}],"wp:term":[{"taxonomy":"category","embeddable":true,"href":"https:\/\/www.europesays.com\/fr\/wp-json\/wp\/v2\/categories?post=384218"},{"taxonomy":"post_tag","embeddable":true,"href":"https:\/\/www.europesays.com\/fr\/wp-json\/wp\/v2\/tags?post=384218"}],"curies":[{"name":"wp","href":"https:\/\/api.w.org\/{rel}","templated":true}]}}