{"id":384220,"date":"2025-09-12T02:26:16","date_gmt":"2025-09-12T02:26:16","guid":{"rendered":"https:\/\/www.europesays.com\/fr\/384220\/"},"modified":"2025-09-12T02:26:16","modified_gmt":"2025-09-12T02:26:16","slug":"une-valse-en-equilibre-le-cirque-acrobatique-limprevu-sidere-a-voir-gratuitement-les-13-et-14-septembre-a-carros","status":"publish","type":"post","link":"https:\/\/www.europesays.com\/fr\/384220\/","title":{"rendered":"\u00ab\u00a0Une valse en \u00e9quilibre\u00a0\u00bb: le cirque acrobatique \u00ab\u00a0L\u2019Impr\u00e9vu sid\u00e9r\u00e9\u00a0\u00bb, \u00e0 voir gratuitement les 13 et 14 septembre \u00e0 Carros"},"content":{"rendered":"<p>Chez les artistes de cirque, il y a ceux qui jonglent, ceux qui domptent, mais aussi <strong>ceux qui d\u00e9fient les lois de la gravit\u00e9<\/strong> avec une \u00e9chelle. Emiliano Ferri est de ceux-l\u00e0. L\u2019acrobate d\u2019origine italienne posera ses agr\u00e8s \u00e0 <strong>Carros<\/strong> les 13 et 14 septembre, \u00e0 l\u2019occasion de la huiti\u00e8me \u00e9dition du<strong> festival Jacques a dit<\/strong>, avec son spectacle L\u2019Impr\u00e9vu sid\u00e9r\u00e9.<\/p>\n<p>Celui qui a commenc\u00e9 le cirque \u00e0 travers <strong>la jonglerie<\/strong> a d\u00e9couvert <strong>l\u2019\u00e9chelle acrobatique<\/strong> lors de son cursus \u00e0 l\u2019\u00c9cole sup\u00e9rieure des arts du cirque de Bruxelles. \u00ab\u00a0\u00c7a a \u00e9t\u00e9 un grand coup de foudre (&#8230;), il y a un travail d\u2019\u00e9quilibre, d\u2019acrobaties et de manipulation de l\u2019objet \u00e9galement\u00a0\u00bb, explique l\u2019artiste, visiblement s\u00e9duit par la polyvalence de l\u2019exercice.<\/p>\n<p>En 2017, il lance sa propre compagnie, La Voie Ferr\u00e9e et, en 2022, il cr\u00e9e L\u2019Impr\u00e9vu sid\u00e9r\u00e9, un spectacle novateur qui ne r\u00e9unit non pas un, mais <strong>deux acrobates<\/strong> \u00e0 l\u2019\u00e9chelle en m\u00eame temps, une premi\u00e8re dans la discipline.<\/p>\n<p><strong>Un funambule de l\u2019instant<\/strong><\/p>\n<p>Si la trame du spectacle reste fid\u00e8le \u00e0 sa cr\u00e9ation, Emiliano Ferri laisse <strong>une large place \u00e0 l\u2019improvisation<\/strong>, rendant chaque repr\u00e9sentation unique. \u00ab\u00a0Les sc\u00e8nes sont toujours les m\u00eames, mais la fa\u00e7on de les vivre change\u00a0\u00bb, pr\u00e9cise-t-il.<\/p>\n<p>Une libert\u00e9 interpr\u00e9tative qui permet au spectacle de s\u2019adapter \u00e0 tous les publics. \u00ab\u00a0Chacun y voit sa propre interpr\u00e9tation, des plus jeunes aux plus \u00e2g\u00e9s\u00a0\u00bb, souligne l\u2019acrobate qui d\u00e9fend un cirque universel, capable de se jouer en plein air, en salle ou sous un chapiteau. Avec quatre \u00e9chelles et deux interpr\u00e8tes, le spectacle est d\u00e9crit comme \u00ab\u00a0une valse en \u00e9quilibre, un jeu sans fin, un sport ridicule\u00a0\u00bb.<\/p>\n<p>Malgr\u00e9 les al\u00e9as climatiques ou techniques, comme le jour o\u00f9 il a gliss\u00e9 sur sa propre transpiration, l\u2019artiste assume pleinement ces instants de vuln\u00e9rabilit\u00e9 qui font aussi la beaut\u00e9 du direct.<\/p>\n<p>R\u00e9cemment remis d\u2019une <strong>grave blessure au tendon d\u2019Achille<\/strong>, Emiliano Ferri t\u00e9moigne d\u2019une r\u00e9silience \u00e0 toute \u00e9preuve: \u00ab\u00a0C\u2019est la premi\u00e8re fois que je me faisais une blessure n\u00e9cessitant une op\u00e9ration, six mois de convalescence et de r\u00e9\u00e9ducation. Quand je suis remont\u00e9 sur une \u00e9chelle, c\u2019\u00e9tait incroyable. Au final, je pense que c\u2019est comme le v\u00e9lo, \u00e7a ne s\u2019oublie pas.\u00a0\u00bb <\/p>\n<p>Un retour symbolique pour cet artiste pour qui le risque fait partie du jeu.<\/p>\n<p>L\u2019Impr\u00e9vu Sid\u00e9r\u00e9, samedi 13 septembre, \u00e0 17h15 et dimanche 14 septembre, \u00e0 14h45, parking bas, salle Juliette Gr\u00e9co, \u00e0 Carros. Gratuit.<\/p>\n","protected":false},"excerpt":{"rendered":"Chez les artistes de cirque, il y a ceux qui jonglent, ceux qui domptent, mais aussi ceux qui&hellip;\n","protected":false},"author":2,"featured_media":384221,"comment_status":"","ping_status":"","sticky":false,"template":"","format":"standard","meta":{"footnotes":""},"categories":[2819],"tags":[1111,11,1348,251,1777,674,1011,27,12,2401,882,25],"class_list":{"0":"post-384220","1":"post","2":"type-post","3":"status-publish","4":"format-standard","5":"has-post-thumbnail","7":"category-nice","8":"tag-actu","9":"tag-actualites","10":"tag-arts","11":"tag-culture","12":"tag-eu","13":"tag-europe","14":"tag-fr","15":"tag-france","16":"tag-news","17":"tag-nice","18":"tag-provence-alpes-cote-dazur","19":"tag-republique-francaise"},"share_on_mastodon":{"url":"https:\/\/pubeurope.com\/@fr\/115188962651606429","error":""},"_links":{"self":[{"href":"https:\/\/www.europesays.com\/fr\/wp-json\/wp\/v2\/posts\/384220","targetHints":{"allow":["GET"]}}],"collection":[{"href":"https:\/\/www.europesays.com\/fr\/wp-json\/wp\/v2\/posts"}],"about":[{"href":"https:\/\/www.europesays.com\/fr\/wp-json\/wp\/v2\/types\/post"}],"author":[{"embeddable":true,"href":"https:\/\/www.europesays.com\/fr\/wp-json\/wp\/v2\/users\/2"}],"replies":[{"embeddable":true,"href":"https:\/\/www.europesays.com\/fr\/wp-json\/wp\/v2\/comments?post=384220"}],"version-history":[{"count":0,"href":"https:\/\/www.europesays.com\/fr\/wp-json\/wp\/v2\/posts\/384220\/revisions"}],"wp:featuredmedia":[{"embeddable":true,"href":"https:\/\/www.europesays.com\/fr\/wp-json\/wp\/v2\/media\/384221"}],"wp:attachment":[{"href":"https:\/\/www.europesays.com\/fr\/wp-json\/wp\/v2\/media?parent=384220"}],"wp:term":[{"taxonomy":"category","embeddable":true,"href":"https:\/\/www.europesays.com\/fr\/wp-json\/wp\/v2\/categories?post=384220"},{"taxonomy":"post_tag","embeddable":true,"href":"https:\/\/www.europesays.com\/fr\/wp-json\/wp\/v2\/tags?post=384220"}],"curies":[{"name":"wp","href":"https:\/\/api.w.org\/{rel}","templated":true}]}}