{"id":384222,"date":"2025-09-12T02:27:17","date_gmt":"2025-09-12T02:27:17","guid":{"rendered":"https:\/\/www.europesays.com\/fr\/384222\/"},"modified":"2025-09-12T02:27:17","modified_gmt":"2025-09-12T02:27:17","slug":"le-corps-dune-femme-tuee-a-larme-blanche-decouvert-dans-son-jardin-dans-le-gard","status":"publish","type":"post","link":"https:\/\/www.europesays.com\/fr\/384222\/","title":{"rendered":"Le corps d&rsquo;une femme tu\u00e9e \u00e0 l&rsquo;arme blanche d\u00e9couvert dans son jardin dans le Gard"},"content":{"rendered":"<p>Le corps d&rsquo;une <strong>femme<\/strong> d&rsquo;une cinquantaine d&rsquo;ann\u00e9es, <strong>tu\u00e9e \u00e0 l&rsquo;arme blanche<\/strong>, a \u00e9t\u00e9 d\u00e9couvert ce jeudi 11 septembre 2025 <strong>dans le jardin<\/strong> de sa propri\u00e9t\u00e9 \u00e0 Connaux, un village du Gard situ\u00e9 \u00e0 une vingtaine de kilom\u00e8tres d&rsquo;Avignon, a-t-on appris de sources proches de l&rsquo;enqu\u00eate.<\/p>\n<p>Cette femme, une commer\u00e7ante n\u00e9e en 1975, ne s&rsquo;est pas rendue jeudi matin sur son lieu de travail, a pr\u00e9cis\u00e9 une de ces sources. Son corps, portant des traces de plusieurs coups de couteau, a \u00e9t\u00e9 <strong>d\u00e9couvert en fin de matin\u00e9e<\/strong> <strong>par son mari et d&rsquo;autres personnes<\/strong> dans le jardin de sa propri\u00e9t\u00e9, selon cette source.<\/p>\n<p><strong>Le mari a appel\u00e9 les secours<\/strong><\/p>\n<p>Le mari, qui a appel\u00e9 les secours, a ensuite \u00e9t\u00e9 entendu par les forces de l&rsquo;ordre.<\/p>\n<p>La d\u00e9couverte du corps a \u00e9t\u00e9 confirm\u00e9e \u00e0 l&rsquo;AFP par une autre source proche de l&rsquo;enqu\u00eate ayant \u00e9galement requis l&rsquo;anonymat.<\/p>\n<p>Un magistrat du parquet de N\u00eemes s&rsquo;est rendu sur place et une <strong>enqu\u00eate a \u00e9t\u00e9 ouverte<\/strong>, selon cette source, qui n&rsquo;a pas souhait\u00e9 donner plus de d\u00e9tails \u00e0 ce stade.<\/p>\n","protected":false},"excerpt":{"rendered":"Le corps d&rsquo;une femme d&rsquo;une cinquantaine d&rsquo;ann\u00e9es, tu\u00e9e \u00e0 l&rsquo;arme blanche, a \u00e9t\u00e9 d\u00e9couvert ce jeudi 11 septembre&hellip;\n","protected":false},"author":2,"featured_media":384223,"comment_status":"","ping_status":"","sticky":false,"template":"","format":"standard","meta":{"footnotes":""},"categories":[2819],"tags":[1111,11,1777,674,118,1011,27,12,2401,882,25],"class_list":{"0":"post-384222","1":"post","2":"type-post","3":"status-publish","4":"format-standard","5":"has-post-thumbnail","7":"category-nice","8":"tag-actu","9":"tag-actualites","10":"tag-eu","11":"tag-europe","12":"tag-faits-divers","13":"tag-fr","14":"tag-france","15":"tag-news","16":"tag-nice","17":"tag-provence-alpes-cote-dazur","18":"tag-republique-francaise"},"share_on_mastodon":{"url":"https:\/\/pubeurope.com\/@fr\/115188966670042239","error":""},"_links":{"self":[{"href":"https:\/\/www.europesays.com\/fr\/wp-json\/wp\/v2\/posts\/384222","targetHints":{"allow":["GET"]}}],"collection":[{"href":"https:\/\/www.europesays.com\/fr\/wp-json\/wp\/v2\/posts"}],"about":[{"href":"https:\/\/www.europesays.com\/fr\/wp-json\/wp\/v2\/types\/post"}],"author":[{"embeddable":true,"href":"https:\/\/www.europesays.com\/fr\/wp-json\/wp\/v2\/users\/2"}],"replies":[{"embeddable":true,"href":"https:\/\/www.europesays.com\/fr\/wp-json\/wp\/v2\/comments?post=384222"}],"version-history":[{"count":0,"href":"https:\/\/www.europesays.com\/fr\/wp-json\/wp\/v2\/posts\/384222\/revisions"}],"wp:featuredmedia":[{"embeddable":true,"href":"https:\/\/www.europesays.com\/fr\/wp-json\/wp\/v2\/media\/384223"}],"wp:attachment":[{"href":"https:\/\/www.europesays.com\/fr\/wp-json\/wp\/v2\/media?parent=384222"}],"wp:term":[{"taxonomy":"category","embeddable":true,"href":"https:\/\/www.europesays.com\/fr\/wp-json\/wp\/v2\/categories?post=384222"},{"taxonomy":"post_tag","embeddable":true,"href":"https:\/\/www.europesays.com\/fr\/wp-json\/wp\/v2\/tags?post=384222"}],"curies":[{"name":"wp","href":"https:\/\/api.w.org\/{rel}","templated":true}]}}