{"id":384224,"date":"2025-09-12T02:28:31","date_gmt":"2025-09-12T02:28:31","guid":{"rendered":"https:\/\/www.europesays.com\/fr\/384224\/"},"modified":"2025-09-12T02:28:31","modified_gmt":"2025-09-12T02:28:31","slug":"ce-rapport-qui-alerte-les-sapeurs-pompiers-de-loire-atlantique-contre-une-impasse-de-financement","status":"publish","type":"post","link":"https:\/\/www.europesays.com\/fr\/384224\/","title":{"rendered":"Ce rapport qui alerte les sapeurs-pompiers de Loire-Atlantique contre une \u00ab impasse de financement \u00bb"},"content":{"rendered":"<p>            Par<br \/>\n        <strong><br \/>\n            <a href=\"https:\/\/actu.fr\/auteur\/journaliste-cp\" title=\"Consulter tous les articles de R\u00e9daction Courrier du Pays de Retz\" rel=\"nofollow noopener\" target=\"_blank\">R\u00e9daction Courrier du Pays de Retz<\/a><br \/>\n        <\/strong><\/p>\n<p>        Publi\u00e9 le<\/p>\n<p>            11 sept. 2025 \u00e0 15h59        <\/p>\n<p>Le <b>Service d\u00e9partemental d\u2019incendie et de secours<\/b> (SDIS 44) de Loire-Atlantique fait face \u00e0 une trajectoire budg\u00e9taire \u00ab\u2009<b>non soutenable<\/b>\u2009\u00bb d\u2019ici 2028, alerte la <b>Chambre r\u00e9gionale des comptes<\/b> dans un <a href=\"https:\/\/www.ccomptes.fr\/fr\/publications\/service-departemental-dincendie-et-de-secours-loire-atlantique\" rel=\"nofollow noopener\" target=\"_blank\">r\u00e9cent rapport<\/a> rendu public le lundi 8\u00a0septembre 2025.<\/p>\n<p class=\" wall-content\">La Chambre r\u00e9gionale des comptes a contr\u00f4l\u00e9 les comptes et la gestion du SDIS de Loire-Atlantique pour les ann\u00e9es 2019 \u00e0 2024. Contr\u00f4le qui a port\u00e9 sur la gouvernance, l\u2019activit\u00e9 op\u00e9rationnelle et les finances.<\/p>\n<p class=\" wall-content\">Malgr\u00e9 une situation financi\u00e8re favorable en apparence jusqu\u2019en 2024, celle-ci est \u00ab\u2009conjoncturelle\u2009\u00bb et ne masque pas des <b>difficult\u00e9s profondes<\/b>.<\/p>\n<p>Des cotisations en hausse, des recettes moins dynamiques<\/p>\n<p class=\" wall-content\">La Chambre a examin\u00e9 la gestion du SDIS 44 entre\u00a02019 et\u00a02024 et a relev\u00e9 une situation pr\u00e9occupante.<\/p>\n<p class=\" wall-content\">Le SDIS a lanc\u00e9 un <a href=\"https:\/\/actu.fr\/economie\/vie-des-entreprises\/le-nombre-de-sapeurs-pompiers-va-augmenter-en-loire-atlantique_60212024.html\" rel=\"nofollow noopener\" target=\"_blank\">plan de recrutement ambitieux de 100 postes<\/a> d\u2019ici 2028 et un plan d\u2019investissement deux fois plus important que le pr\u00e9c\u00e9dent.<\/p>\n<p class=\" wall-content\">Cependant, des <b>\u00e9volutions externes majeures<\/b> ont \u00ab\u2009d\u00e9grad\u00e9 la trajectoire budg\u00e9taire\u2009\u00bb.<\/p>\n<p>Vid\u00e9os : en ce moment sur Actu<\/p>\n<p class=\" wall-content\">La hausse des <b>cotisations sociales<\/b> et des recettes moins dynamiques que pr\u00e9vu risquent de plonger le SDIS 44 dans une \u00ab\u2009impasse de financement\u2009\u00bb, avec une pr\u00e9vision de capacit\u00e9 nette d\u2019autofinancement \u00ab\u2009nulle en 2028 et n\u00e9gative en 2029\u2009\u00bb.<\/p>\n<p class=\" wall-content\">Une telle situation serait non conforme aux r\u00e8gles d\u2019\u00e9quilibre budg\u00e9taire.<\/p>\n<p>Votre r\u00e9gion, votre actu !<\/p>\n<p>Recevez chaque jour les infos qui comptent pour vous.<\/p>\n<p>\t<a href=\"https:\/\/actu.fr\/newsletter\" class=\"ac-btn ac-btn--corner ac-btn--medium ac-btn--blue800\" rel=\"nofollow noopener\" target=\"_blank\">S&rsquo;incrire<\/a><br \/>\nDes recommandations<\/p>\n<p class=\" wall-content\">Face \u00e0 ces d\u00e9fis, la Chambre r\u00e9gionale des comptes appelle le SDIS \u00e0 \u00ab\u2009r\u00e9viser ses plans de recrutement et d\u2019investissement\u2009\u00bb pour retrouver une trajectoire \u00ab\u2009plus soutenable\u2009\u00bb.<\/p>\n<p class=\" wall-content\">Elle ajoute\u2009: \u00ab\u2009Dans certains cas, le SDIS devrait reprendre sa d\u00e9marche de fusion de petits centres de secours o\u00f9 la capacit\u00e9 d\u2019intervention est quasi nulle.\u2009\u00bb<\/p>\n<p class=\" wall-content\">Le rapport rel\u00e8ve que le pr\u00e9sident du SDIS pr\u00e9cise en outre qu\u2019une r\u00e9flexion sur la r\u00e9duction des d\u00e9penses de gestion courante et l\u2019optimisation des fonctions support est en cours.<\/p>\n<p class=\" wall-content\">Personnalisez votre actualit\u00e9 en ajoutant vos villes et m\u00e9dias en favori avec <a href=\"https:\/\/moncompte.actu.fr\" title=\"D\u00e9couvez Mon Actu\" rel=\"nofollow noopener\" data-trk=\"{&quot;cta&quot;:{&quot;action&quot;:&quot;https:\\\/\\\/moncompte.actu.fr&quot;,&quot;category&quot;:&quot;mon compte&quot;,&quot;from&quot;:&quot;article footer&quot;,&quot;name&quot;:&quot;Mon actu&quot;,&quot;type&quot;:&quot;cta&quot;}}\" target=\"_blank\">Mon Actu<\/a>.<\/p>\n","protected":false},"excerpt":{"rendered":"Par R\u00e9daction Courrier du Pays de Retz Publi\u00e9 le 11 sept. 2025 \u00e0 15h59 Le Service d\u00e9partemental d\u2019incendie&hellip;\n","protected":false},"author":2,"featured_media":384225,"comment_status":"","ping_status":"","sticky":false,"template":"","format":"standard","meta":{"footnotes":""},"categories":[2818],"tags":[1111,11,1777,674,1011,27,766,12,2636,1311,25,104],"class_list":{"0":"post-384224","1":"post","2":"type-post","3":"status-publish","4":"format-standard","5":"has-post-thumbnail","7":"category-nantes","8":"tag-actu","9":"tag-actualites","10":"tag-eu","11":"tag-europe","12":"tag-fr","13":"tag-france","14":"tag-nantes","15":"tag-news","16":"tag-pays-de-la-loire","17":"tag-pompiers","18":"tag-republique-francaise","19":"tag-societe"},"share_on_mastodon":{"url":"https:\/\/pubeurope.com\/@fr\/115188970574170278","error":""},"_links":{"self":[{"href":"https:\/\/www.europesays.com\/fr\/wp-json\/wp\/v2\/posts\/384224","targetHints":{"allow":["GET"]}}],"collection":[{"href":"https:\/\/www.europesays.com\/fr\/wp-json\/wp\/v2\/posts"}],"about":[{"href":"https:\/\/www.europesays.com\/fr\/wp-json\/wp\/v2\/types\/post"}],"author":[{"embeddable":true,"href":"https:\/\/www.europesays.com\/fr\/wp-json\/wp\/v2\/users\/2"}],"replies":[{"embeddable":true,"href":"https:\/\/www.europesays.com\/fr\/wp-json\/wp\/v2\/comments?post=384224"}],"version-history":[{"count":0,"href":"https:\/\/www.europesays.com\/fr\/wp-json\/wp\/v2\/posts\/384224\/revisions"}],"wp:featuredmedia":[{"embeddable":true,"href":"https:\/\/www.europesays.com\/fr\/wp-json\/wp\/v2\/media\/384225"}],"wp:attachment":[{"href":"https:\/\/www.europesays.com\/fr\/wp-json\/wp\/v2\/media?parent=384224"}],"wp:term":[{"taxonomy":"category","embeddable":true,"href":"https:\/\/www.europesays.com\/fr\/wp-json\/wp\/v2\/categories?post=384224"},{"taxonomy":"post_tag","embeddable":true,"href":"https:\/\/www.europesays.com\/fr\/wp-json\/wp\/v2\/tags?post=384224"}],"curies":[{"name":"wp","href":"https:\/\/api.w.org\/{rel}","templated":true}]}}