{"id":384226,"date":"2025-09-12T02:29:35","date_gmt":"2025-09-12T02:29:35","guid":{"rendered":"https:\/\/www.europesays.com\/fr\/384226\/"},"modified":"2025-09-12T02:29:35","modified_gmt":"2025-09-12T02:29:35","slug":"malgre-la-manifestation-les-commercants-du-centre-ville-invitent-au-grand-deballage","status":"publish","type":"post","link":"https:\/\/www.europesays.com\/fr\/384226\/","title":{"rendered":"malgr\u00e9 la manifestation, les commer\u00e7ants du centre-ville invitent au Grand D\u00e9ballage"},"content":{"rendered":"<p>            Par<br \/>\n        <strong><br \/>\n            <a href=\"https:\/\/actu.fr\/auteur\/redaction-nantes\" title=\"Consulter tous les articles de R\u00e9daction Nantes\" target=\"_blank\" rel=\"noopener\">R\u00e9daction Nantes<\/a><br \/>\n        <\/strong><\/p>\n<p>        Publi\u00e9 le<\/p>\n<p>            11 sept. 2025 \u00e0 18h02        <\/p>\n<p>La rentr\u00e9e est parfois synonyme de bons plans. Le<strong> vendredi\u00a012 et le samedi 13\u00a0septembre<\/strong>, \u00e0 <strong>Nantes<\/strong>, l\u2019association de commer\u00e7ants <strong>Plein Centre<\/strong> organise le Grand D\u00e9ballage, deux jours de shopping en plein air. Mode, d\u00e9co, jeux, gourmandises\u2026 Pr\u00e8s de <a href=\"https:\/\/pleincentre.net\/wp-content\/uploads\/2025\/09\/inscrits-grand-deb-25.pdf\" target=\"_blank\" rel=\"noopener\">150 commer\u00e7ants du centre-ville de Nantes<\/a> vont proposer leurs articles avec des promotions.<\/p>\n<p class=\" wall-content\">Alors qu\u2019une manifestation est annonc\u00e9e en centre-ville, ce samedi 13\u00a0septembre, suite \u00e0 la <a href=\"https:\/\/actu.fr\/pays-de-la-loire\/nantes_44109\/bloquons-tout-le-10-septembre-a-nantes-suivez-la-mobilisation-et-la-circulation-en-direct_63134135.html\" target=\"_blank\" rel=\"noopener\">mobilisation du 10\u00a0septembre<\/a>, l\u2019association Plein Centre invite le public \u00e0 \u00ab\u2009privil\u00e9gier le vendredi et le samedi matin\u2009\u00bb pour profiter des bonnes affaires.<\/p>\n<p>\u00ab\u2009Soutenir les commerces de proximit\u00e9\u2009\u00bb<\/p>\n<p class=\" wall-content\">\u00ab\u2009Dans un contexte compliqu\u00e9, marqu\u00e9 par l\u2019annonce d\u2019une manifestation samedi apr\u00e8s-midi, nous appelons \u00e0 la mobilisation et au soutien des commer\u00e7ants nantais, qui connaissent d\u00e9j\u00e0 une p\u00e9riode difficile\u2009\u00bb, explique l\u2019association Plein Centre dans un communiqu\u00e9 transmis \u00e0 <a href=\"https:\/\/actu.fr\/nantes\/\" target=\"_blank\" rel=\"noopener\">actu Nantes<\/a>.<\/p>\n<p class=\" wall-content\">Les commer\u00e7ants appellent \u00e0 \u00ab\u2009soutenir les commerces de proximit\u00e9\u2009\u00bb pour qui chaque visite et achat contribuent \u00e0 \u00ab\u2009la vitalit\u00e9 du centre-ville\u2009\u00bb et de la \u00ab\u2009p\u00e9rennit\u00e9 des commerces\u2009\u00bb.<\/p>\n<p>Des \u00ab\u2009remises irr\u00e9sistibles\u2009\u00bb<\/p>\n<p class=\" wall-content\">Pendant le Grand D\u00e9ballage, l\u2019association Plein Centre promet \u00ab\u2009des remises irr\u00e9sistibles sur une large s\u00e9lection de produits\u2009\u00bb.<\/p>\n<blockquote class=\"ac-article-quote wall-content\">\n<p>Le Grand d\u00e9ballage c\u2019est la possibilit\u00e9 pour les commer\u00e7ants et artisans nantais d\u2019\u00e9tendre leurs boutiques jusque dans la rue et de faire d\u00e9couvrir leurs produits.  Pour les visiteurs c\u2019est l\u2019occasion de venir fl\u00e2ner dans le centre-ville, de se pr\u00e9voir une s\u00e9ance \u00ab shopping de rentr\u00e9e \u00bb et de d\u00e9couvrir de nouvelles enseignes. <\/p>\n<p>    <strong>Plein Centre<\/strong>\n            <\/p><\/blockquote>\n<p>Votre r\u00e9gion, votre actu !<\/p>\n<p>Recevez chaque jour les infos qui comptent pour vous.<\/p>\n<p>\t<a href=\"https:\/\/actu.fr\/newsletter\" class=\"ac-btn ac-btn--corner ac-btn--medium ac-btn--blue800\" target=\"_blank\" rel=\"noopener\">S&rsquo;incrire<\/a><\/p>\n<p class=\" wall-content\">\u00ab\u2009Malgr\u00e9 les incertitudes, les commer\u00e7ants restent mobilis\u00e9s avec enthousiasme pour offrir aux Nantaises et aux Nantais une rentr\u00e9e sous le signe du partage et de la convivialit\u00e9\u2009\u00bb, indique Plein Centre.<\/p>\n<p>Dans tout le centre-ville. 12 et 13\u00a0septembre. De 10\u2009h \u00e0 19\u2009h.<\/p>\n<p class=\" wall-content\">Personnalisez votre actualit\u00e9 en ajoutant vos villes et m\u00e9dias en favori avec <a href=\"https:\/\/moncompte.actu.fr\" title=\"D\u00e9couvez Mon Actu\" rel=\"nofollow noopener\" data-trk=\"{&quot;cta&quot;:{&quot;action&quot;:&quot;https:\\\/\\\/moncompte.actu.fr&quot;,&quot;category&quot;:&quot;mon compte&quot;,&quot;from&quot;:&quot;article footer&quot;,&quot;name&quot;:&quot;Mon actu&quot;,&quot;type&quot;:&quot;cta&quot;}}\" target=\"_blank\">Mon Actu<\/a>.<\/p>\n","protected":false},"excerpt":{"rendered":"Par R\u00e9daction Nantes Publi\u00e9 le 11 sept. 2025 \u00e0 18h02 La rentr\u00e9e est parfois synonyme de bons plans.&hellip;\n","protected":false},"author":2,"featured_media":384227,"comment_status":"","ping_status":"","sticky":false,"template":"","format":"standard","meta":{"footnotes":""},"categories":[2818],"tags":[1111,11,677,215,1777,674,1011,27,1272,766,12,2636,25,104],"class_list":{"0":"post-384226","1":"post","2":"type-post","3":"status-publish","4":"format-standard","5":"has-post-thumbnail","7":"category-nantes","8":"tag-actu","9":"tag-actualites","10":"tag-bons-plans","11":"tag-commerce","12":"tag-eu","13":"tag-europe","14":"tag-fr","15":"tag-france","16":"tag-manifestations","17":"tag-nantes","18":"tag-news","19":"tag-pays-de-la-loire","20":"tag-republique-francaise","21":"tag-societe"},"share_on_mastodon":{"url":"https:\/\/pubeurope.com\/@fr\/115188974501568257","error":""},"_links":{"self":[{"href":"https:\/\/www.europesays.com\/fr\/wp-json\/wp\/v2\/posts\/384226","targetHints":{"allow":["GET"]}}],"collection":[{"href":"https:\/\/www.europesays.com\/fr\/wp-json\/wp\/v2\/posts"}],"about":[{"href":"https:\/\/www.europesays.com\/fr\/wp-json\/wp\/v2\/types\/post"}],"author":[{"embeddable":true,"href":"https:\/\/www.europesays.com\/fr\/wp-json\/wp\/v2\/users\/2"}],"replies":[{"embeddable":true,"href":"https:\/\/www.europesays.com\/fr\/wp-json\/wp\/v2\/comments?post=384226"}],"version-history":[{"count":0,"href":"https:\/\/www.europesays.com\/fr\/wp-json\/wp\/v2\/posts\/384226\/revisions"}],"wp:featuredmedia":[{"embeddable":true,"href":"https:\/\/www.europesays.com\/fr\/wp-json\/wp\/v2\/media\/384227"}],"wp:attachment":[{"href":"https:\/\/www.europesays.com\/fr\/wp-json\/wp\/v2\/media?parent=384226"}],"wp:term":[{"taxonomy":"category","embeddable":true,"href":"https:\/\/www.europesays.com\/fr\/wp-json\/wp\/v2\/categories?post=384226"},{"taxonomy":"post_tag","embeddable":true,"href":"https:\/\/www.europesays.com\/fr\/wp-json\/wp\/v2\/tags?post=384226"}],"curies":[{"name":"wp","href":"https:\/\/api.w.org\/{rel}","templated":true}]}}