{"id":384228,"date":"2025-09-12T02:30:20","date_gmt":"2025-09-12T02:30:20","guid":{"rendered":"https:\/\/www.europesays.com\/fr\/384228\/"},"modified":"2025-09-12T02:30:20","modified_gmt":"2025-09-12T02:30:20","slug":"bordeaux-celebre-la-journee-internationale-de-la-langue-des-signes","status":"publish","type":"post","link":"https:\/\/www.europesays.com\/fr\/384228\/","title":{"rendered":"Bordeaux c\u00e9l\u00e8bre la Journ\u00e9e internationale de la langue des signes !"},"content":{"rendered":"<p>Du 22 au 27 septembre 2025, Bordeaux vivra au rythme des mains et des regards. \u00c0 l\u2019occasion de la <a href=\"https:\/\/www.bordeaux.fr\/le-mag\/journee-internationale-de-la-langue-des-signes-a-bordeaux?fbclid=IwY2xjawMvrwVleHRuA2FlbQIxMABicmlkETBJTWJxYUtnUjR2aTZFTW02AR5voNKOPfzgBAStSdf-554f-midwyw_2B6hSfy_PLj7TNCL8psHBugkedJDsg_aem_EpSR7nYqWvOIMD8HHVVWIw\" target=\"_blank\" rel=\"noreferrer noopener nofollow\">Journ\u00e9e internationale des langues des signes<\/a>, c\u00e9l\u00e9br\u00e9e chaque ann\u00e9e le 23 septembre, la Ville et ses partenaires organisent une semaine enti\u00e8re d\u00e9di\u00e9e \u00e0 la langue des signes fran\u00e7aise (LSF) et \u00e0 la culture sourde. L\u2019objectif est clair : valoriser cette langue \u00e0 part enti\u00e8re, b\u00e2tir des ponts entre sourds et entendants, et rappeler que l\u2019accessibilit\u00e9 est une question de citoyennet\u00e9.<\/p>\n<p>Une semaine pour d\u00e9couvrir, apprendre et \u00e9changer<\/p>\n<p style=\"font-size:16px\">Que tu sois sourd, signant, entendant ou simplement curieux, tu trouveras forc\u00e9ment un rendez-vous qui t\u2019interpelle. Le programme est riche, vari\u00e9 et festif. Lundi, un tournoi de futsal donnera le coup d\u2019envoi. Mardi, la journ\u00e9e s\u2019ouvrira en grande pompe avec le <strong>lancement officiel<\/strong> en pr\u00e9sence du maire, suivi de la <strong>lev\u00e9e du drapeau sourd<\/strong> place Pey Berland. Tu pourras aussi participer \u00e0 un <strong>flash mob en LSF<\/strong> ou encore t\u2019initier \u00e0 cette langue visuelle lors d\u2019ateliers.<\/p>\n<p style=\"font-size:16px\">Mercredi, place au sport, \u00e0 la d\u00e9tente et \u00e0 la culture : d\u00e9fis sportifs, yoga en LSF, conte bilingue et projection-d\u00e9bat du film Salt and Pepper. Le soir, le <strong>Bar Signes<\/strong> t\u2019invitera \u00e0 \u00e9changer dans une ambiance conviviale.<\/p>\n<p style=\"font-size:16px\">Jeudi, des ateliers sp\u00e9cialis\u00e9s sur l\u2019\u00e9criture et la cr\u00e9ation de signes lexicaux se tiendront \u00e0 la biblioth\u00e8que M\u00e9riadeck, avant une grande conf\u00e9rence sur l\u2019histoire des sourds et un match amical de football.<\/p>\n<p style=\"font-size:16px\">Vendredi sera marqu\u00e9 par des <strong>conf\u00e9rences<\/strong> en LSF, un atelier cr\u00e9atif et surtout la <strong>descente du drapeau sourd<\/strong> lors d\u2019une c\u00e9r\u00e9monie officielle \u00e0 l\u2019H\u00f4tel de Ville.<\/p>\n<p style=\"font-size:16px\">Enfin, samedi, tu pourras participer \u00e0 une <strong>marche d\u00e9di\u00e9e \u00e0 la langue des signes<\/strong> depuis la place de la Victoire, avant une soir\u00e9e festive \u00ab \u00c7a signe fort \u00bb, avec la d\u00e9couverte de gilets vibrants. Tout au long de la semaine, une <strong>exposition d\u2019artistes sourds<\/strong> sera accessible librement cour Mably.<\/p>\n<\/p>\n<p>Une langue \u00e0 part enti\u00e8re, une cause universelle<\/p>\n<p style=\"font-size:16px\">La <strong><a href=\"https:\/\/www.bordeaux.fr\/le-mag\/journee-internationale-de-la-langue-des-signes-a-bordeaux?fbclid=IwY2xjawMvrwVleHRuA2FlbQIxMABicmlkETBJTWJxYUtnUjR2aTZFTW02AR5voNKOPfzgBAStSdf-554f-midwyw_2B6hSfy_PLj7TNCL8psHBugkedJDsg_aem_EpSR7nYqWvOIMD8HHVVWIw\" target=\"_blank\" rel=\"noreferrer noopener nofollow\">Journ\u00e9e internationale des langues des signes<\/a><\/strong>, instaur\u00e9e par l\u2019ONU en 2018, rappelle que la langue des signes n\u2019est pas un simple outil de communication, mais une <strong>langue vivante, riche et expressive<\/strong>, dot\u00e9e de sa propre grammaire. Il en existe plus de 300 dans le monde. En France, la <strong>LSF est reconnue depuis 2005 comme langue de la R\u00e9publique<\/strong>.<\/p>\n<p><img fetchpriority=\"high\" decoding=\"async\" width=\"185\" height=\"272\" src=\"https:\/\/www.europesays.com\/fr\/wp-content\/uploads\/2025\/09\/affiche-LDS.png\" alt=\"\" class=\"wp-image-83487\" style=\"width:189px;height:auto\"\/>Instaur\u00e9e par l\u2019ONU en 2018, la Journ\u00e9e c\u00e9l\u00e8bre la richesse et reconnaissance mondiale des langues des signes.<\/p>\n<p style=\"font-size:16px\">Cette semaine bordelaise incarne donc une volont\u00e9 forte : donner de la visibilit\u00e9 aux personnes sourdes, valoriser leur culture et favoriser l\u2019inclusion. Car, au-del\u00e0 des animations, ce rendez-vous porte un message universel : le droit \u00e0 communiquer appartient \u00e0 toutes et \u00e0 tous.<\/p>\n<p style=\"font-size:16px\">En participant, tu contribueras \u00e0 r\u00e9duire les barri\u00e8res entre sourds et entendants, et tu d\u00e9couvriras une autre mani\u00e8re de \u00ab parler \u00bb, o\u00f9 les mains deviennent les mots et le regard, l\u2019\u00e9coute. Le programme d\u00e9taill\u00e9 et les inscriptions sont sur le <a href=\"https:\/\/www.bordeaux.fr\/le-mag\/journee-internationale-de-la-langue-des-signes-a-bordeaux?fbclid=IwY2xjawMvrwVleHRuA2FlbQIxMABicmlkETBJTWJxYUtnUjR2aTZFTW02AR5voNKOPfzgBAStSdf-554f-midwyw_2B6hSfy_PLj7TNCL8psHBugkedJDsg_aem_EpSR7nYqWvOIMD8HHVVWIw\" target=\"_blank\" rel=\"noreferrer noopener nofollow\">site de la Ville de Bordeaux<\/a>.<\/p>\n<p style=\"font-size:16px\">\u00c0 lire aussi : <a href=\"https:\/\/www.bougerabordeaux.com\/actu\/news\/ils-ont-vaincu-le-cancer-et-traversent-les-pyrenees-en-velo-au-profit-dune-association-bordelaise\/\" target=\"_blank\" rel=\"noreferrer noopener nofollow\">Ils ont vaincu le cancer et traversent les Pyr\u00e9n\u00e9es en v\u00e9lo au profit d\u2019une association bordelaise !<\/a><\/p>\n","protected":false},"excerpt":{"rendered":"Du 22 au 27 septembre 2025, Bordeaux vivra au rythme des mains et des regards. \u00c0 l\u2019occasion de&hellip;\n","protected":false},"author":2,"featured_media":384229,"comment_status":"","ping_status":"","sticky":false,"template":"","format":"standard","meta":{"footnotes":""},"categories":[2817],"tags":[1111,11,1997,1777,674,1011,27,12,2219,25],"class_list":{"0":"post-384228","1":"post","2":"type-post","3":"status-publish","4":"format-standard","5":"has-post-thumbnail","7":"category-bordeaux","8":"tag-actu","9":"tag-actualites","10":"tag-bordeaux","11":"tag-eu","12":"tag-europe","13":"tag-fr","14":"tag-france","15":"tag-news","16":"tag-nouvelle-aquitaine","17":"tag-republique-francaise"},"share_on_mastodon":{"url":"https:\/\/pubeurope.com\/@fr\/115188978398871363","error":""},"_links":{"self":[{"href":"https:\/\/www.europesays.com\/fr\/wp-json\/wp\/v2\/posts\/384228","targetHints":{"allow":["GET"]}}],"collection":[{"href":"https:\/\/www.europesays.com\/fr\/wp-json\/wp\/v2\/posts"}],"about":[{"href":"https:\/\/www.europesays.com\/fr\/wp-json\/wp\/v2\/types\/post"}],"author":[{"embeddable":true,"href":"https:\/\/www.europesays.com\/fr\/wp-json\/wp\/v2\/users\/2"}],"replies":[{"embeddable":true,"href":"https:\/\/www.europesays.com\/fr\/wp-json\/wp\/v2\/comments?post=384228"}],"version-history":[{"count":0,"href":"https:\/\/www.europesays.com\/fr\/wp-json\/wp\/v2\/posts\/384228\/revisions"}],"wp:featuredmedia":[{"embeddable":true,"href":"https:\/\/www.europesays.com\/fr\/wp-json\/wp\/v2\/media\/384229"}],"wp:attachment":[{"href":"https:\/\/www.europesays.com\/fr\/wp-json\/wp\/v2\/media?parent=384228"}],"wp:term":[{"taxonomy":"category","embeddable":true,"href":"https:\/\/www.europesays.com\/fr\/wp-json\/wp\/v2\/categories?post=384228"},{"taxonomy":"post_tag","embeddable":true,"href":"https:\/\/www.europesays.com\/fr\/wp-json\/wp\/v2\/tags?post=384228"}],"curies":[{"name":"wp","href":"https:\/\/api.w.org\/{rel}","templated":true}]}}