{"id":384230,"date":"2025-09-12T02:31:40","date_gmt":"2025-09-12T02:31:40","guid":{"rendered":"https:\/\/www.europesays.com\/fr\/384230\/"},"modified":"2025-09-12T02:31:40","modified_gmt":"2025-09-12T02:31:40","slug":"la-rentree-du-bacchus-business-club-bordeaux-au-coeur-du-tout-nouveau-chateau-cantemerle","status":"publish","type":"post","link":"https:\/\/www.europesays.com\/fr\/384230\/","title":{"rendered":"La rentr\u00e9e du Bacchus Business Club Bordeaux au coeur du tout nouveau Ch\u00e2teau Cantemerle"},"content":{"rendered":"<p>Pour Jacques Chanut, l\u2019avenir repose sur une certitude\u00a0: \u00ab\u00a0On construit parce qu\u2019il y a un besoin, pas pour r\u00e9pondre \u00e0 un dispositif fiscal.\u00a0\u00bb Derri\u00e8re ce constat, une conviction forte\u00a0: la stabilit\u00e9 r\u00e9glementaire et fiscale est essentielle, mais elle ne doit pas conditionner l\u2019existence d\u2019une fili\u00e8re enti\u00e8re. \u00ab\u00a0Nous devons sortir de cette d\u00e9pendance aux lois de finances et d\u00e9fendre notre statut d\u2019acteurs \u00e9conomiques \u00e0 part enti\u00e8re\u00a0\u00bb, a-t-il insist\u00e9.<\/p>\n<p>H\u00e9ritier d\u2019une entreprise familiale suite \u00e0 une d\u00e9cision prise en trois jours seulement, Jacques Chanut incarne une vision entrepreneuriale \u00e0 la fois pragmatique et engag\u00e9e. \u00c0 la t\u00eate de la SMABTP, il a conduit une strat\u00e9gie de diversification qui a men\u00e9 \u00e0 un chiffre d\u2019affaires de 5.3\u00a0millions en 2024 et pr\u00e9par\u00e9 la transmission \u00e0 ses enfants.<\/p>\n<p>La soir\u00e9e fut \u00e9galement l\u2019occasion de d\u00e9couvrir le parcours de Laure Canu, avocate de formation et Directrice du Ch\u00e2teau Cantemerle. \u00c0 la t\u00eate d\u2019une propri\u00e9t\u00e9 viticole de 200 hectares, dont 100 de vignes et avec la mise en service d\u2019un nouveau cuvier \u00e0 la pointe de la technologie, elle ambitionne d\u2019ouvrir davantage le domaine au grand public, via l\u2019\u0153notourisme et des exp\u00e9riences immersives.<\/p>\n","protected":false},"excerpt":{"rendered":"Pour Jacques Chanut, l\u2019avenir repose sur une certitude\u00a0: \u00ab\u00a0On construit parce qu\u2019il y a un besoin, pas pour&hellip;\n","protected":false},"author":2,"featured_media":384231,"comment_status":"","ping_status":"","sticky":false,"template":"","format":"standard","meta":{"footnotes":""},"categories":[2817],"tags":[1111,11,1997,1777,674,1011,27,12,2219,25],"class_list":{"0":"post-384230","1":"post","2":"type-post","3":"status-publish","4":"format-standard","5":"has-post-thumbnail","7":"category-bordeaux","8":"tag-actu","9":"tag-actualites","10":"tag-bordeaux","11":"tag-eu","12":"tag-europe","13":"tag-fr","14":"tag-france","15":"tag-news","16":"tag-nouvelle-aquitaine","17":"tag-republique-francaise"},"share_on_mastodon":{"url":"https:\/\/pubeurope.com\/@fr\/115188982363413821","error":""},"_links":{"self":[{"href":"https:\/\/www.europesays.com\/fr\/wp-json\/wp\/v2\/posts\/384230","targetHints":{"allow":["GET"]}}],"collection":[{"href":"https:\/\/www.europesays.com\/fr\/wp-json\/wp\/v2\/posts"}],"about":[{"href":"https:\/\/www.europesays.com\/fr\/wp-json\/wp\/v2\/types\/post"}],"author":[{"embeddable":true,"href":"https:\/\/www.europesays.com\/fr\/wp-json\/wp\/v2\/users\/2"}],"replies":[{"embeddable":true,"href":"https:\/\/www.europesays.com\/fr\/wp-json\/wp\/v2\/comments?post=384230"}],"version-history":[{"count":0,"href":"https:\/\/www.europesays.com\/fr\/wp-json\/wp\/v2\/posts\/384230\/revisions"}],"wp:featuredmedia":[{"embeddable":true,"href":"https:\/\/www.europesays.com\/fr\/wp-json\/wp\/v2\/media\/384231"}],"wp:attachment":[{"href":"https:\/\/www.europesays.com\/fr\/wp-json\/wp\/v2\/media?parent=384230"}],"wp:term":[{"taxonomy":"category","embeddable":true,"href":"https:\/\/www.europesays.com\/fr\/wp-json\/wp\/v2\/categories?post=384230"},{"taxonomy":"post_tag","embeddable":true,"href":"https:\/\/www.europesays.com\/fr\/wp-json\/wp\/v2\/tags?post=384230"}],"curies":[{"name":"wp","href":"https:\/\/api.w.org\/{rel}","templated":true}]}}