{"id":384240,"date":"2025-09-12T02:37:12","date_gmt":"2025-09-12T02:37:12","guid":{"rendered":"https:\/\/www.europesays.com\/fr\/384240\/"},"modified":"2025-09-12T02:37:12","modified_gmt":"2025-09-12T02:37:12","slug":"benjamin-pavard-est-comme-un-poisson-dans-leau-a-marseille","status":"publish","type":"post","link":"https:\/\/www.europesays.com\/fr\/384240\/","title":{"rendered":"Benjamin Pavard est comme un poisson dans l\u2019eau \u00e0 Marseille"},"content":{"rendered":"\n<p>Rayonnant. C\u2019est ainsi que Benjamin Pavard est apparu lors de sa premi\u00e8re conf\u00e9rence de presse \u00e0 La\u00a0Commanderie, jeudi.<\/p>\n<p>Interrog\u00e9 sur ses premi\u00e8res impressions, 24 heures apr\u00e8s son arriv\u00e9e \u00e0 Marseille, le champion du Monde 2018 a \u00e9t\u00e9 clair. \u00ab\u00a0Cela faisait neuf ans que j\u2019avais quitt\u00e9 la France et elle m\u2019a beaucoup manqu\u00e9, car j\u2019en suis parti tr\u00e8s jeune\u00a0\u00bb. Alors, quand il a su que l\u2019OM s\u2019int\u00e9ressait \u00e0 lui, il n\u2019a pas h\u00e9sit\u00e9.<\/p>\n<p>\u00ab\u00a0Le projet m\u2019a plu. De plus, ma femme est marseillaise et c\u2019est un honneur pour moi de porter le maillot de l\u2019OM\u00a0\u00bb, a-t-il poursuivi. Ses entretiens avec Medhi Benatia ont eu lieu sur la dur\u00e9e. \u00ab\u00a0Cela s\u2019est d\u00e9bloqu\u00e9 le dernier jour, mais je savais que cela allait se faire, car j\u2019ai tout de suite \u00e9t\u00e9 s\u00e9duit par le projet sportif\u00a0\u00bb, reconna\u00eet-il.<\/p>\n<p>Avant de d\u00e9barquer \u00e0 La\u00a0Commanderie, il y a eu la case Clairefontaine, avec les deux matches des Bleus pour la qualification au Mondial 2026. Il a pu ainsi \u00e9changer avec Adrien Rabiot qui, malgr\u00e9 ses d\u00e9boires, \u00ab\u00a0ne m\u2019a dit que du bien de son passage \u00e0 Marseille\u00a0\u00bb.<\/p>\n<p> Polyvalence\n              <\/p>\n<p>M\u00eame s\u2019il est arriv\u00e9 sur le tard, \u00e0 savoir mercredi, et n\u2019aura que 48 heures d\u2019entra\u00eenement collectif avec sa nouvelle \u00e9quipe, Benjamin Pavard n\u2019est pas inquiet quant \u00e0 son int\u00e9gration. \u00ab\u00a0Physiquement, je me sens pr\u00eat. J\u2019attends les choix du coach\u00a0\u00bb.<\/p>\n<p>La suspension de C.J. Egan-Riley et le retour tardif d\u2019Argentine de Leo Balerdi devraient lui permettre d\u2019\u00eatre titulaire face \u00e0 Lorient. \u00e0 Roberto De\u00a0Zerbi de choisir s\u2019il le fera d\u00e9buter dans l\u2019axe ou lat\u00e9ral droit de la d\u00e9fense olympienne. \u00ab\u00a0Je suis polyvalent et j\u2019ai m\u00eame longtemps jou\u00e9 milieu d\u00e9fensif avec Lille\u00a0\u00bb, pr\u00e9cise-t-il.<\/p>\n<p>Son retour en France, \u00e0 Marseille, \u00ab\u00a0dans un club tr\u00e8s professionnel o\u00f9 je sens que je vais prendre beaucoup de plaisir\u00a0\u00bb, lui rappelle sa d\u00e9couverte du football allemand, \u00e0 Stuttgart. Le club souabe venait de descendre en 2.Bundesliga et il a \u00e9t\u00e9 un des acteurs majeurs de sa remont\u00e9e en \u00e9lite, avant de partir gagner des troph\u00e9es avec le Bayern, puis l\u2019Inter.<\/p>\n<p>Si l\u2019OM n\u2019est pas pass\u00e9 par la case Ligue\u00a02, il est comme Stuttgart, un g\u00e9ant qui cherche \u00e0 retrouver sa place dans la hi\u00e9rarchie de son championnat. L\u2019arriv\u00e9e de Roberto De\u00a0Zerbi a \u00e9t\u00e9 la premi\u00e8re pierre d\u2019un \u00e9difice dont il compte bien \u00eatre une poutre ma\u00eetresse.<\/p>\n<p>\u00ab\u00a0Je reviens en France pour prouver ma vraie valeur, dans un club o\u00f9 quelque chose de fort est en train de se pr\u00e9parer. Dans un effectif o\u00f9 il y a tout pour r\u00e9ussir de belles choses\u00a0\u00bb, confesse-t-il. Benjamin Pavard qui a aussi trouv\u00e9 en Roberto De\u00a0Zerbi un entra\u00eeneur \u00ab\u00a0dont le style me correspond. Il se donne \u00e0 fond et cherche avant tout le bien de ses joueurs\u00a0\u00bb. Quant \u00e0 savoir si les deux caract\u00e8res peuvent cohabiter, il souligne\u00a0: \u00ab\u00a0vous n\u2019avez jamais vu Simone Inzaghi \u00e0 l\u2019Inter\u00a0! Au d\u00e9but, je pensais que certains coaches \u00e9taient fous, mais en r\u00e9alit\u00e9, ce sont des passionn\u00e9s qui veulent tout donner pour leurs joueurs. C\u2019est peut-\u00eatre surprenant en France, mais moi, j\u2019adore \u00e7a\u00a0\u00bb.<\/p>\n","protected":false},"excerpt":{"rendered":"Rayonnant. C\u2019est ainsi que Benjamin Pavard est apparu lors de sa premi\u00e8re conf\u00e9rence de presse \u00e0 La\u00a0Commanderie, jeudi.&hellip;\n","protected":false},"author":2,"featured_media":384241,"comment_status":"","ping_status":"","sticky":false,"template":"","format":"standard","meta":{"footnotes":""},"categories":[2814],"tags":[1111,11,885,1777,674,1011,27,884,12,882,25],"class_list":{"0":"post-384240","1":"post","2":"type-post","3":"status-publish","4":"format-standard","5":"has-post-thumbnail","7":"category-marseille","8":"tag-actu","9":"tag-actualites","10":"tag-bouches-du-rhone","11":"tag-eu","12":"tag-europe","13":"tag-fr","14":"tag-france","15":"tag-marseille","16":"tag-news","17":"tag-provence-alpes-cote-dazur","18":"tag-republique-francaise"},"share_on_mastodon":{"url":"https:\/\/pubeurope.com\/@fr\/115189005928197222","error":""},"_links":{"self":[{"href":"https:\/\/www.europesays.com\/fr\/wp-json\/wp\/v2\/posts\/384240","targetHints":{"allow":["GET"]}}],"collection":[{"href":"https:\/\/www.europesays.com\/fr\/wp-json\/wp\/v2\/posts"}],"about":[{"href":"https:\/\/www.europesays.com\/fr\/wp-json\/wp\/v2\/types\/post"}],"author":[{"embeddable":true,"href":"https:\/\/www.europesays.com\/fr\/wp-json\/wp\/v2\/users\/2"}],"replies":[{"embeddable":true,"href":"https:\/\/www.europesays.com\/fr\/wp-json\/wp\/v2\/comments?post=384240"}],"version-history":[{"count":0,"href":"https:\/\/www.europesays.com\/fr\/wp-json\/wp\/v2\/posts\/384240\/revisions"}],"wp:featuredmedia":[{"embeddable":true,"href":"https:\/\/www.europesays.com\/fr\/wp-json\/wp\/v2\/media\/384241"}],"wp:attachment":[{"href":"https:\/\/www.europesays.com\/fr\/wp-json\/wp\/v2\/media?parent=384240"}],"wp:term":[{"taxonomy":"category","embeddable":true,"href":"https:\/\/www.europesays.com\/fr\/wp-json\/wp\/v2\/categories?post=384240"},{"taxonomy":"post_tag","embeddable":true,"href":"https:\/\/www.europesays.com\/fr\/wp-json\/wp\/v2\/tags?post=384240"}],"curies":[{"name":"wp","href":"https:\/\/api.w.org\/{rel}","templated":true}]}}