{"id":384242,"date":"2025-09-12T02:38:13","date_gmt":"2025-09-12T02:38:13","guid":{"rendered":"https:\/\/www.europesays.com\/fr\/384242\/"},"modified":"2025-09-12T02:38:13","modified_gmt":"2025-09-12T02:38:13","slug":"un-suspect-sest-rendu-a-la-police","status":"publish","type":"post","link":"https:\/\/www.europesays.com\/fr\/384242\/","title":{"rendered":"un suspect s\u2019est rendu \u00e0 la police"},"content":{"rendered":"<p itemprop=\"description\"><strong>Un jeune de 19 ans s\u2019est rendu \u00e0 la police ce jeudi dans l\u2019enqu\u00eate sur la mort d\u2019un homme de 22 ans, mercredi \u00e0 Lyon.<\/strong><\/p>\n<p>Ce jeune de 19 ans s\u2019est pr\u00e9sent\u00e9 ce jeudi en fin de matin\u00e9e au commissariat de Villeurbanne, a indiqu\u00e9 la police \u00e0 l\u2019AFP. Aux policiers, il a affirm\u00e9 \u00eatre l\u2019auteur des tirs mortels qui ont co\u00fbt\u00e9 la vie \u00e0 un homme de 22 ans, rue Duguesclin mercredi. La victime avait \u00e9t\u00e9 prise en charge dans un \u00e9tat critique apr\u00e8s avoir \u00e9t\u00e9 touch\u00e9e par cinq balles. Son d\u00e9c\u00e8s a \u00e9t\u00e9 annonc\u00e9 ce jeudi.<\/p>\n<p>Mercredi soir, la pr\u00e9fecture du Rh\u00f4ne avait pr\u00e9cis\u00e9 qu\u2019aucun lien n\u2019avait \u00e9t\u00e9 \u00e9tabli \u00e0 ce stade avec les manifestations du mouvement Bloquons Tout alors que de nombreux cort\u00e8ges sauvages avaient \u00e9t\u00e9 signal\u00e9s dans le centre-ville de Lyon tout au long de la journ\u00e9e.<\/p>\n<p>Selon le parquet, les tirs seraient survenus \u00e0 la suite d\u2019une rixe.<\/p>\n","protected":false},"excerpt":{"rendered":"Un jeune de 19 ans s\u2019est rendu \u00e0 la police ce jeudi dans l\u2019enqu\u00eate sur la mort d\u2019un&hellip;\n","protected":false},"author":2,"featured_media":384243,"comment_status":"","ping_status":"","sticky":false,"template":"","format":"standard","meta":{"footnotes":""},"categories":[1889],"tags":[1111,11,2813,2190,2430,1109,251,1112,2811,1777,674,118,1011,27,1922,1110,1114,2428,2810,12,241,316,25,2812,517,800],"class_list":{"0":"post-384242","1":"post","2":"type-post","3":"status-publish","4":"format-standard","5":"has-post-thumbnail","7":"category-lyon","8":"tag-actu","9":"tag-actualites","10":"tag-article","11":"tag-asvel","12":"tag-auvergne-rhone-alpes","13":"tag-breves","14":"tag-culture","15":"tag-depeches","16":"tag-economique","17":"tag-eu","18":"tag-europe","19":"tag-faits-divers","20":"tag-fr","21":"tag-france","22":"tag-info","23":"tag-informations","24":"tag-infos","25":"tag-lyon","26":"tag-lyonmag","27":"tag-news","28":"tag-ol","29":"tag-politique","30":"tag-republique-francaise","31":"tag-sociale","32":"tag-sport","33":"tag-transports"},"share_on_mastodon":{"url":"https:\/\/pubeurope.com\/@fr\/115189009842187756","error":""},"_links":{"self":[{"href":"https:\/\/www.europesays.com\/fr\/wp-json\/wp\/v2\/posts\/384242","targetHints":{"allow":["GET"]}}],"collection":[{"href":"https:\/\/www.europesays.com\/fr\/wp-json\/wp\/v2\/posts"}],"about":[{"href":"https:\/\/www.europesays.com\/fr\/wp-json\/wp\/v2\/types\/post"}],"author":[{"embeddable":true,"href":"https:\/\/www.europesays.com\/fr\/wp-json\/wp\/v2\/users\/2"}],"replies":[{"embeddable":true,"href":"https:\/\/www.europesays.com\/fr\/wp-json\/wp\/v2\/comments?post=384242"}],"version-history":[{"count":0,"href":"https:\/\/www.europesays.com\/fr\/wp-json\/wp\/v2\/posts\/384242\/revisions"}],"wp:featuredmedia":[{"embeddable":true,"href":"https:\/\/www.europesays.com\/fr\/wp-json\/wp\/v2\/media\/384243"}],"wp:attachment":[{"href":"https:\/\/www.europesays.com\/fr\/wp-json\/wp\/v2\/media?parent=384242"}],"wp:term":[{"taxonomy":"category","embeddable":true,"href":"https:\/\/www.europesays.com\/fr\/wp-json\/wp\/v2\/categories?post=384242"},{"taxonomy":"post_tag","embeddable":true,"href":"https:\/\/www.europesays.com\/fr\/wp-json\/wp\/v2\/tags?post=384242"}],"curies":[{"name":"wp","href":"https:\/\/api.w.org\/{rel}","templated":true}]}}