{"id":384270,"date":"2025-09-12T02:54:23","date_gmt":"2025-09-12T02:54:23","guid":{"rendered":"https:\/\/www.europesays.com\/fr\/384270\/"},"modified":"2025-09-12T02:54:23","modified_gmt":"2025-09-12T02:54:23","slug":"qui-est-larry-ellison-pionnier-du-techno-fascisme-et-nouvel-homme-le-plus-riche-du-monde","status":"publish","type":"post","link":"https:\/\/www.europesays.com\/fr\/384270\/","title":{"rendered":"Qui est Larry Ellison, pionnier du techno-fascisme et nouvel homme le plus riche du monde"},"content":{"rendered":"<p>Le nouvel homme le plus riche du monde, Larry Ellison, a de nombreux points communs avec <a href=\"https:\/\/www.humanite.fr\/social-et-economie\/donald-trump\/elon-musk-milliardaire-adule-et-gourou-de-lextreme-droite-mondiale\" data-type=\"link\" data-id=\"https:\/\/www.humanite.fr\/social-et-economie\/donald-trump\/elon-musk-milliardaire-adule-et-gourou-de-lextreme-droite-mondiale\" rel=\"nofollow noopener\" target=\"_blank\">Elon Musk<\/a>. Le fondateur d\u2019Oracle poss\u00e8de des parts dans Tesla et si\u00e8ge m\u00eame au conseil d\u2019administration. Surtout, il vient de prendre \u00e0 son homologue le titre d\u2019humain le plus riche du monde.<\/p>\n<p>Cette premi\u00e8re place est probablement temporaire, elle n\u2019est d\u2019ailleurs accord\u00e9e que par Bloomberg. N\u00e9anmoins, mercredi 10\u00a0septembre, le cours de l\u2019\u00e9diteur de logiciels professionnels a bondi de plus de 200\u00a0milliards de dollars \u00e0 Wall Street, faisant flamber la fortune de son principal actionnaire de 100\u00a0milliards. Avec 393\u00a0milliards de dollars, sa fortune d\u00e9passe les 385\u00a0milliards d\u2019Elon Musk. En revanche, Forbes laisse le patron de Tesla et ses 463\u00a0milliards de&#8230;<\/p>\n","protected":false},"excerpt":{"rendered":"Le nouvel homme le plus riche du monde, Larry Ellison, a de nombreux points communs avec Elon Musk.&hellip;\n","protected":false},"author":2,"featured_media":384271,"comment_status":"","ping_status":"","sticky":false,"template":"","format":"standard","meta":{"footnotes":""},"categories":[2],"tags":[11,46,1011,27,223,24520,12,32257,25,51716],"class_list":{"0":"post-384270","1":"post","2":"type-post","3":"status-publish","4":"format-standard","5":"has-post-thumbnail","7":"category-actualites","8":"tag-actualites","9":"tag-elon-musk","10":"tag-fr","11":"tag-france","12":"tag-intelligence-artificielle","13":"tag-milliardaires","14":"tag-news","15":"tag-oracle","16":"tag-republique-francaise","17":"tag-transhumanisme"},"share_on_mastodon":{"url":"https:\/\/pubeurope.com\/@fr\/115189072824890225","error":""},"_links":{"self":[{"href":"https:\/\/www.europesays.com\/fr\/wp-json\/wp\/v2\/posts\/384270","targetHints":{"allow":["GET"]}}],"collection":[{"href":"https:\/\/www.europesays.com\/fr\/wp-json\/wp\/v2\/posts"}],"about":[{"href":"https:\/\/www.europesays.com\/fr\/wp-json\/wp\/v2\/types\/post"}],"author":[{"embeddable":true,"href":"https:\/\/www.europesays.com\/fr\/wp-json\/wp\/v2\/users\/2"}],"replies":[{"embeddable":true,"href":"https:\/\/www.europesays.com\/fr\/wp-json\/wp\/v2\/comments?post=384270"}],"version-history":[{"count":0,"href":"https:\/\/www.europesays.com\/fr\/wp-json\/wp\/v2\/posts\/384270\/revisions"}],"wp:featuredmedia":[{"embeddable":true,"href":"https:\/\/www.europesays.com\/fr\/wp-json\/wp\/v2\/media\/384271"}],"wp:attachment":[{"href":"https:\/\/www.europesays.com\/fr\/wp-json\/wp\/v2\/media?parent=384270"}],"wp:term":[{"taxonomy":"category","embeddable":true,"href":"https:\/\/www.europesays.com\/fr\/wp-json\/wp\/v2\/categories?post=384270"},{"taxonomy":"post_tag","embeddable":true,"href":"https:\/\/www.europesays.com\/fr\/wp-json\/wp\/v2\/tags?post=384270"}],"curies":[{"name":"wp","href":"https:\/\/api.w.org\/{rel}","templated":true}]}}