{"id":384272,"date":"2025-09-12T02:55:10","date_gmt":"2025-09-12T02:55:10","guid":{"rendered":"https:\/\/www.europesays.com\/fr\/384272\/"},"modified":"2025-09-12T02:55:10","modified_gmt":"2025-09-12T02:55:10","slug":"la-cij-statue-sur-un-litige-immobilier-entre-la-france-et-la-guinee-equatoriale","status":"publish","type":"post","link":"https:\/\/www.europesays.com\/fr\/384272\/","title":{"rendered":"La CIJ statue sur un litige immobilier entre la France et la Guin\u00e9e \u00e9quatoriale"},"content":{"rendered":"<p>La plus haute juridiction de l&rsquo;ONU se prononce vendredi sur un diff\u00e9rend de longue date entre la France et la Guin\u00e9e \u00e9quatoriale au sujet d&rsquo;un h\u00f4tel particulier de plusieurs millions d&rsquo;euros, confisqu\u00e9 par les autorit\u00e9s fran\u00e7aises dans l&rsquo;affaire dite des \u00ab\u00a0biens mal acquis\u00a0\u00bb.<\/p>\n<p>La Guin\u00e9e \u00e9quatoriale a demand\u00e9 \u00e0 la Cour internationale de justice (CIJ) d&rsquo;\u00e9mettre des ordonnances d&rsquo;urgence afin d&#8217;emp\u00eacher la France de vendre la luxueuse propri\u00e9t\u00e9 parisienne saisie en 2012, qui comprend un cin\u00e9ma, un hammam et des sanitaires en marbre et en or.<\/p>\n<p>L&rsquo;immeuble, d&rsquo;une valeur estim\u00e9e \u00e0 plus de 100 millions d&rsquo;euros, avait \u00e9t\u00e9 saisi dans le cadre d&rsquo;une enqu\u00eate pour corruption visant le vice-pr\u00e9sident \u00e9quatoguin\u00e9en Teodoro Nguema Obiang Mangue, commun\u00e9ment appel\u00e9 Teodorin.<\/p>\n<p>En 2021, la justice fran\u00e7aise a d\u00e9finitivement condamn\u00e9 Teodorin &#8211; fils a\u00een\u00e9 de Teodoro Obiang Nguema Mbasogo, pr\u00e9sident de la Guin\u00e9e \u00e9quatoriale depuis 1979 &#8211; \u00e0 trois ans de prison avec sursis, 30 millions d&rsquo;euros d&rsquo;amende et \u00e0 la confiscation de tous ses biens saisis pour \u00ab\u00a0blanchiment d&rsquo;abus de biens sociaux, de d\u00e9tournement de fonds publics et d&rsquo;abus de confiance\u00a0\u00bb entre 1997 et 2011.<\/p>\n<p>Malabo voudrait que la CIJ ordonne \u00e0 la France de ne pas vendre l&rsquo;h\u00f4tel particulier de l&rsquo;avenue Foch, pr\u00e8s de l&rsquo;Arc de Triomphe, et \u00e0 autoriser \u00ab\u00a0un acc\u00e8s imm\u00e9diat, complet et sans entrave\u00a0\u00bb \u00e0 l&rsquo;immeuble.<\/p>\n<p>La Guin\u00e9e \u00e9quatoriale affirme que la police fran\u00e7aise a p\u00e9n\u00e9tr\u00e9 dans la propri\u00e9t\u00e9 en juin, chang\u00e9 les serrures de plusieurs portes et d\u00e9truit les cam\u00e9ras de s\u00e9curit\u00e9.<\/p>\n<p>&#8211; \u00ab\u00a0M\u00e9pris\u00a0\u00bb &#8211;<\/p>\n<p>L&rsquo;approche de la France pourrait \u00eatre qualifi\u00e9e de \u00ab\u00a0paternaliste, voire n\u00e9ocoloniale\u00a0\u00bb, a d\u00e9clar\u00e9 Carmelo Nvono-Nca, ambassadeur de la R\u00e9publique de Guin\u00e9e \u00e9quatoriale en France, lors d&rsquo;une audience devant la CIJ \u00e0 La Haye en juillet.<\/p>\n<p>\u00ab\u00a0Nous ne pouvons pas accepter un tel m\u00e9pris de notre souverainet\u00e9 de la part de la France\u00a0\u00bb, a-t-il ajout\u00e9.<\/p>\n<p>En r\u00e9ponse \u00e0 ces accusations, la France a d\u00e9nonc\u00e9 \u00ab\u00a0une \u00e9ni\u00e8me man\u0153uvre abusive de la Guin\u00e9e \u00e9quatoriale\u00a0\u00bb aupr\u00e8s des juges.<\/p>\n<p>\u00ab\u00a0La France regrette que, \u00e0 l&rsquo;heure o\u00f9 le r\u00f4le de la cour est si charg\u00e9 par de nombreuses affaires d&rsquo;ampleur, la Guin\u00e9e \u00e9quatoriale mobilise une nouvelle fois votre office\u00a0\u00bb, a d\u00e9clar\u00e9 Di\u00e9go Colas, directeur des affaires juridiques au minist\u00e8re des Affaires \u00e9trang\u00e8res.<\/p>\n<p>Une demande d&rsquo;ordonnances d&rsquo;urgence \u2013 des mesures conservatoires, dans le jargon de la juridiction \u2013 prime sur toutes les autres affaires judiciaires en cours \u00e0 la CIJ, qui statue sur les diff\u00e9rends entre Etats membres de l&rsquo;ONU.<\/p>\n<p>La CIJ traite actuellement plusieurs dossiers importants, notamment une affaire tr\u00e8s m\u00e9diatis\u00e9e intent\u00e9e par l&rsquo;Afrique du Sud contre Isra\u00ebl, accus\u00e9 de \u00ab\u00a0g\u00e9nocide\u00a0\u00bb dans la bande de Gaza.<\/p>\n<p>La juridiction a \u00e9galement rendu en juillet un avis tr\u00e8s attendu sur les obligations des pays en mati\u00e8re de changement climatique.<\/p>\n","protected":false},"excerpt":{"rendered":"La plus haute juridiction de l&rsquo;ONU se prononce vendredi sur un diff\u00e9rend de longue date entre la France&hellip;\n","protected":false},"author":2,"featured_media":384273,"comment_status":"","ping_status":"","sticky":false,"template":"","format":"standard","meta":{"footnotes":""},"categories":[4],"tags":[11,1011,27,12,25],"class_list":{"0":"post-384272","1":"post","2":"type-post","3":"status-publish","4":"format-standard","5":"has-post-thumbnail","7":"category-france","8":"tag-actualites","9":"tag-fr","10":"tag-france","11":"tag-news","12":"tag-republique-francaise"},"share_on_mastodon":{"url":"https:\/\/pubeurope.com\/@fr\/115189076640048144","error":""},"_links":{"self":[{"href":"https:\/\/www.europesays.com\/fr\/wp-json\/wp\/v2\/posts\/384272","targetHints":{"allow":["GET"]}}],"collection":[{"href":"https:\/\/www.europesays.com\/fr\/wp-json\/wp\/v2\/posts"}],"about":[{"href":"https:\/\/www.europesays.com\/fr\/wp-json\/wp\/v2\/types\/post"}],"author":[{"embeddable":true,"href":"https:\/\/www.europesays.com\/fr\/wp-json\/wp\/v2\/users\/2"}],"replies":[{"embeddable":true,"href":"https:\/\/www.europesays.com\/fr\/wp-json\/wp\/v2\/comments?post=384272"}],"version-history":[{"count":0,"href":"https:\/\/www.europesays.com\/fr\/wp-json\/wp\/v2\/posts\/384272\/revisions"}],"wp:featuredmedia":[{"embeddable":true,"href":"https:\/\/www.europesays.com\/fr\/wp-json\/wp\/v2\/media\/384273"}],"wp:attachment":[{"href":"https:\/\/www.europesays.com\/fr\/wp-json\/wp\/v2\/media?parent=384272"}],"wp:term":[{"taxonomy":"category","embeddable":true,"href":"https:\/\/www.europesays.com\/fr\/wp-json\/wp\/v2\/categories?post=384272"},{"taxonomy":"post_tag","embeddable":true,"href":"https:\/\/www.europesays.com\/fr\/wp-json\/wp\/v2\/tags?post=384272"}],"curies":[{"name":"wp","href":"https:\/\/api.w.org\/{rel}","templated":true}]}}