{"id":384276,"date":"2025-09-12T02:59:12","date_gmt":"2025-09-12T02:59:12","guid":{"rendered":"https:\/\/www.europesays.com\/fr\/384276\/"},"modified":"2025-09-12T02:59:12","modified_gmt":"2025-09-12T02:59:12","slug":"le-blog-de-la-redac-atp-us-open-djokovic-est-perdu-et-ca-se-voit","status":"publish","type":"post","link":"https:\/\/www.europesays.com\/fr\/384276\/","title":{"rendered":"Le blog de la r\u00e9dac&rsquo;, ATP, US Open > Djokovic est perdu, et \u00e7a se voit&#8230;"},"content":{"rendered":"<p>C\u2019est bien la premi\u00e8re fois o\u00f9, apr\u00e8s une d\u00e9faite, on sent que Novak Djokovic a perdu sa ligne directrice.<\/p>\n<p>Il faut dire que pour un cham\u00adpion de cette trempe se sentir aussi impuis\u00adsant est une r\u00e9alit\u00e9 dure \u00e0 accepter. Du coup, avec le temps, si on analyse bien ses propos suite \u00e0 sa d\u00e9faite face \u00e0 Alcaraz en demi\u2010finales de l\u2019US Open, on est oblig\u00e9 de se dire que le Serbe est\u00a0perdu.<\/p>\n<p>Physiquement d\u2019abord car il sait que celui\u2010ci ne suit plus le rythme impos\u00e9 par Carlos et Jannik, menta\u00adle\u00adment aussi car ses sources de moti\u00adva\u00adtion se sont taries. Malgr\u00e9 une saison plus que correcte avec quatre demi\u2010finales en Grand Chelem, il semble bien que le ressort soit\u00a0cass\u00e9.<\/p>\n<p>\u00c0 cela, on rajou\u00adtera la crise li\u00e9e \u00e0 son exil en Gr\u00e8ce, et l\u2019on comprendra tout \u00e0 fait qu\u2019il puisse se dire\u00a0: <strong>\u00ab\u202fC\u2019est fini, ce fut un plaisir.\u202f\u00bb<\/strong><\/p>\n<p class=\"post-published-date\" style=\"color: silver; font-size: 75%; text-align: left;\">Publi\u00e9 le jeudi 11 septembre 2025 \u00e0 12:18<\/p>\n","protected":false},"excerpt":{"rendered":"C\u2019est bien la premi\u00e8re fois o\u00f9, apr\u00e8s une d\u00e9faite, on sent que Novak Djokovic a perdu sa ligne&hellip;\n","protected":false},"author":2,"featured_media":373440,"comment_status":"","ping_status":"","sticky":false,"template":"","format":"standard","meta":{"footnotes":""},"categories":[1415],"tags":[1744,105,1011,27,60,1467],"class_list":{"0":"post-384276","1":"post","2":"type-post","3":"status-publish","4":"format-standard","5":"has-post-thumbnail","7":"category-tennis","8":"tag-alcaraz","9":"tag-djokovic","10":"tag-fr","11":"tag-france","12":"tag-sports","13":"tag-tennis"},"share_on_mastodon":{"url":"https:\/\/pubeurope.com\/@fr\/115189092339397490","error":""},"_links":{"self":[{"href":"https:\/\/www.europesays.com\/fr\/wp-json\/wp\/v2\/posts\/384276","targetHints":{"allow":["GET"]}}],"collection":[{"href":"https:\/\/www.europesays.com\/fr\/wp-json\/wp\/v2\/posts"}],"about":[{"href":"https:\/\/www.europesays.com\/fr\/wp-json\/wp\/v2\/types\/post"}],"author":[{"embeddable":true,"href":"https:\/\/www.europesays.com\/fr\/wp-json\/wp\/v2\/users\/2"}],"replies":[{"embeddable":true,"href":"https:\/\/www.europesays.com\/fr\/wp-json\/wp\/v2\/comments?post=384276"}],"version-history":[{"count":0,"href":"https:\/\/www.europesays.com\/fr\/wp-json\/wp\/v2\/posts\/384276\/revisions"}],"wp:featuredmedia":[{"embeddable":true,"href":"https:\/\/www.europesays.com\/fr\/wp-json\/wp\/v2\/media\/373440"}],"wp:attachment":[{"href":"https:\/\/www.europesays.com\/fr\/wp-json\/wp\/v2\/media?parent=384276"}],"wp:term":[{"taxonomy":"category","embeddable":true,"href":"https:\/\/www.europesays.com\/fr\/wp-json\/wp\/v2\/categories?post=384276"},{"taxonomy":"post_tag","embeddable":true,"href":"https:\/\/www.europesays.com\/fr\/wp-json\/wp\/v2\/tags?post=384276"}],"curies":[{"name":"wp","href":"https:\/\/api.w.org\/{rel}","templated":true}]}}