{"id":384279,"date":"2025-09-12T03:02:18","date_gmt":"2025-09-12T03:02:18","guid":{"rendered":"https:\/\/www.europesays.com\/fr\/384279\/"},"modified":"2025-09-12T03:02:18","modified_gmt":"2025-09-12T03:02:18","slug":"f1-max-verstappen-se-lache-et-vend-la-meche-pour-son-avenir","status":"publish","type":"post","link":"https:\/\/www.europesays.com\/fr\/384279\/","title":{"rendered":"F1 : Max Verstappen se l\u00e2che et vend la m\u00e8che pour son avenir !"},"content":{"rendered":"<p>                    Arthur Montagne<br \/>\n                        &#8211;<\/p>\n<p>Journaliste<\/p>\n<p>Affam\u00e9 de sport, il a grandi au son des moteurs de Formule 1 et des exploits de Ronaldinho. Aujourd\u2019hui, diplom\u00e9 d&rsquo;un Master de journalisme de sport, il ne rate plus un Grand Prix de F1 ni un match du PSG, ses deux passions et sp\u00e9cialit\u00e9s<\/p>\n<p class=\"heading\">Sous contrat jusqu&rsquo;en 2028 chez Red Bull, Max Verstappen a \u00e9t\u00e9 au c\u0153ur de toutes les attentions concernant un possible changement d&rsquo;\u00e9curie. Mais alors qu&rsquo;il a d\u00e9cid\u00e9 de rester, le pilote n\u00e9erlandais a toutefois \u00e9t\u00e9 interrog\u00e9 sur son avenir sur le long terme et notamment ce qu&rsquo;il fera apr\u00e8s la Formule 1. Le quadruple champion du monde \u00e9carte d\u00e9j\u00e0 plusieurs options.<\/p>\n<p>A plusieurs reprises, <a href=\"https:\/\/le10sport.com\/formule1\/verstappen-et-hamilton-quittent-la-f1-la-bagarre-inattendue-757521\" target=\"_blank\" rel=\"noopener\">Max Verstappen<\/a> a assur\u00e9 qu&rsquo;il ne ferait jamais une carri\u00e8re aussi longues que celles de <strong>Lewis Hamilton<\/strong> ou <strong>Fernando Alonso<\/strong>, toujours pilotes alors qu&rsquo;ils ont d\u00e9pass\u00e9 les 40 ans. Et alors que certains aiment essayer de nouvelles disciplines \u00e0 l&rsquo;image du double champion du monde espagnol qui particip\u00e9 au <strong>Dakar<\/strong>, aux <strong>500 Miles d&rsquo;Indianapolis<\/strong> et qui a remport\u00e9 les<strong> 24 Heures du Mans<\/strong>, <strong>Max Verstappen<\/strong> assure qu&rsquo;il ne suivra pas cette voie et qu&rsquo;apr\u00e8s la <strong>Formule 1<\/strong>, il y a peu de chance qu&rsquo;il pilote ailleurs.<\/p>\n<p>                                            Verstappen fait une annonce sur son avenir<\/p>\n<p>\u00ab Non, je ne veux pas le faire. Ni le Dakar, ni les 500 miles d&rsquo;Indianapolis. Non, cela ne m&rsquo;int\u00e9resse vraiment pas. J&rsquo;aime regarder \u00e7a, mais ce n&rsquo;est pas le genre de courses que j&rsquo;aimerais faire apr\u00e8s la Formule 1. Les courses avec des voitures GT sont difficiles, oui, mais pas dans le d\u00e9sert, plut\u00f4t dans des conditions normales \u00bb, assure le pilote Red Bull dans une interview accord\u00e9e \u00e0 Mundo Deportivo, avant de poursuivre.<\/p>\n<p>                                            \u00abNi le Dakar, ni les 500 miles d&rsquo;Indianapolis\u00bb<\/p>\n<p>\u00ab Oui, je dirais que cela ne vaut pas la peine de prendre le risque de concourir l\u00e0-bas. Apr\u00e8s la Formule 1, vous avez d\u00e9j\u00e0 suffisamment risqu\u00e9 votre vie pendant de nombreuses ann\u00e9es. C&rsquo;est donc juste un risque suppl\u00e9mentaire qui, \u00e0 mon avis, \u00e0 un moment donn\u00e9, ne vaut plus la peine d&rsquo;\u00eatre pris. Ce n&rsquo;est pas de la peur, mais il y a toujours des soucis dans la vie. Dans mon cas, ils concernent la famille, les amis. Oui, il y a toujours des choses que vous pensez ma\u00eetriser et puis quelque chose arrive. C&rsquo;est typique de la vie. Mais vous essayez toujours de contr\u00f4ler tout ce que vous \u00bb, ajoute <strong>Max Verstappen<\/strong>.<\/p>\n","protected":false},"excerpt":{"rendered":"Arthur Montagne &#8211; Journaliste Affam\u00e9 de sport, il a grandi au son des moteurs de Formule 1 et&hellip;\n","protected":false},"author":2,"featured_media":384280,"comment_status":"","ping_status":"","sticky":false,"template":"","format":"standard","meta":{"footnotes":""},"categories":[1412],"tags":[1451,1452,1453,1454,1455,1011,27,60],"class_list":{"0":"post-384279","1":"post","2":"type-post","3":"status-publish","4":"format-standard","5":"has-post-thumbnail","7":"category-f1","8":"tag-f1","9":"tag-formula-1","10":"tag-formula1","11":"tag-formule-1","12":"tag-formule1","13":"tag-fr","14":"tag-france","15":"tag-sports"},"share_on_mastodon":{"url":"https:\/\/pubeurope.com\/@fr\/115189104221053793","error":""},"_links":{"self":[{"href":"https:\/\/www.europesays.com\/fr\/wp-json\/wp\/v2\/posts\/384279","targetHints":{"allow":["GET"]}}],"collection":[{"href":"https:\/\/www.europesays.com\/fr\/wp-json\/wp\/v2\/posts"}],"about":[{"href":"https:\/\/www.europesays.com\/fr\/wp-json\/wp\/v2\/types\/post"}],"author":[{"embeddable":true,"href":"https:\/\/www.europesays.com\/fr\/wp-json\/wp\/v2\/users\/2"}],"replies":[{"embeddable":true,"href":"https:\/\/www.europesays.com\/fr\/wp-json\/wp\/v2\/comments?post=384279"}],"version-history":[{"count":0,"href":"https:\/\/www.europesays.com\/fr\/wp-json\/wp\/v2\/posts\/384279\/revisions"}],"wp:featuredmedia":[{"embeddable":true,"href":"https:\/\/www.europesays.com\/fr\/wp-json\/wp\/v2\/media\/384280"}],"wp:attachment":[{"href":"https:\/\/www.europesays.com\/fr\/wp-json\/wp\/v2\/media?parent=384279"}],"wp:term":[{"taxonomy":"category","embeddable":true,"href":"https:\/\/www.europesays.com\/fr\/wp-json\/wp\/v2\/categories?post=384279"},{"taxonomy":"post_tag","embeddable":true,"href":"https:\/\/www.europesays.com\/fr\/wp-json\/wp\/v2\/tags?post=384279"}],"curies":[{"name":"wp","href":"https:\/\/api.w.org\/{rel}","templated":true}]}}