{"id":384287,"date":"2025-09-12T03:06:20","date_gmt":"2025-09-12T03:06:20","guid":{"rendered":"https:\/\/www.europesays.com\/fr\/384287\/"},"modified":"2025-09-12T03:06:20","modified_gmt":"2025-09-12T03:06:20","slug":"la-maison-europeenne-de-la-photographie-licencie-son-directeur","status":"publish","type":"post","link":"https:\/\/www.europesays.com\/fr\/384287\/","title":{"rendered":"La Maison europ\u00e9enne de\u00a0la\u00a0photographie licencie son directeur"},"content":{"rendered":"<p>                         <img loading=\"lazy\" decoding=\"async\" src=\"https:\/\/www.europesays.com\/fr\/wp-content\/uploads\/2025\/09\/2585d51_upload-1-ecfghvvtgu5v-000-346h639.jpg\" alt=\"Simon Baker, directeur de la Maison europ\u00e9enne de la photographie, \u00e0 Paris, le 29\u00a0novembre\u00a02023.\"   width=\"664\" height=\"443\"\/>    Simon Baker, directeur de la Maison europ\u00e9enne de la photographie, \u00e0 Paris, le 29\u00a0novembre\u00a02023.  THOMAS SAMSON\/AFP                 <\/p>\n<p class=\"article__paragraph  \">C\u2019est par un communiqu\u00e9 tr\u00e8s diplomatique que la Maison europ\u00e9enne de la photographie (MEP), institution majeure de la photo \u00e0 Paris, a annonc\u00e9, lundi 8\u00a0septembre, le d\u00e9part de son directeur, Simon Baker\u00a0: \u00ab\u00a0Apr\u00e8s sept ann\u00e9es d\u2019une collaboration intense et dynamique sur le plan artistique, la Maison europ\u00e9enne de la photographie annonce la fin du mandat de Simon Baker, son directeur. (\u2026) La MEP et son conseil d\u2019administration lui adressent leurs v\u0153ux de succ\u00e8s dans la poursuite de son parcours professionnel.\u00a0\u00bb Mais c\u2019est bien un licenciement qui cl\u00f4t le mandat du Britannique, qui repr\u00e9sentait encore la MEP aux Rencontres d\u2019Arles cet \u00e9t\u00e9, o\u00f9 il s\u2019\u00e9tait occup\u00e9 d\u2019une exposition consacr\u00e9e aux relations du couturier Yves Saint Laurent avec la photographie. Contact\u00e9, Simon Baker n\u2019a pas r\u00e9pondu \u00e0 nos sollicitations.<\/p>\n<p>   Lire plus tard  <\/p>\n<p class=\"article__paragraph  \">Caroline Miller, administratrice g\u00e9n\u00e9rale de la MEP, ne donne aucune explication \u00e0 cette d\u00e9cision, mais pr\u00e9cise que \u00ab\u00a0le conseil d\u2019administration, qui comprend des \u00e9lus de la Ville de Paris, des personnes en lien avec le monde de la photographie et des personnes ext\u00e9rieures, a pris unanimement la d\u00e9cision de mettre fin \u00e0 cette collaboration. Au bout de sept ans, il y avait une volont\u00e9 de renouvellement du mode manag\u00e9rial\u00a0\u00bb.<\/p>\n<p class=\"reading-mode-only \"><strong>Il vous reste 67.18% de cet article \u00e0 lire. La suite est r\u00e9serv\u00e9e aux abonn\u00e9s.<\/strong><\/p>\n","protected":false},"excerpt":{"rendered":"Simon Baker, directeur de la Maison europ\u00e9enne de la photographie, \u00e0 Paris, le 29\u00a0novembre\u00a02023. THOMAS SAMSON\/AFP C\u2019est par&hellip;\n","protected":false},"author":2,"featured_media":384288,"comment_status":"","ping_status":"","sticky":false,"template":"","format":"standard","meta":{"footnotes":""},"categories":[1358],"tags":[1348,1384,1385,1386,58,59,1011,27],"class_list":{"0":"post-384287","1":"post","2":"type-post","3":"status-publish","4":"format-standard","5":"has-post-thumbnail","7":"category-arts-et-design","8":"tag-arts","9":"tag-arts-and-design","10":"tag-arts-et-design","11":"tag-design","12":"tag-divertissement","13":"tag-entertainment","14":"tag-fr","15":"tag-france"},"share_on_mastodon":{"url":"https:\/\/pubeurope.com\/@fr\/115189120398811921","error":""},"_links":{"self":[{"href":"https:\/\/www.europesays.com\/fr\/wp-json\/wp\/v2\/posts\/384287","targetHints":{"allow":["GET"]}}],"collection":[{"href":"https:\/\/www.europesays.com\/fr\/wp-json\/wp\/v2\/posts"}],"about":[{"href":"https:\/\/www.europesays.com\/fr\/wp-json\/wp\/v2\/types\/post"}],"author":[{"embeddable":true,"href":"https:\/\/www.europesays.com\/fr\/wp-json\/wp\/v2\/users\/2"}],"replies":[{"embeddable":true,"href":"https:\/\/www.europesays.com\/fr\/wp-json\/wp\/v2\/comments?post=384287"}],"version-history":[{"count":0,"href":"https:\/\/www.europesays.com\/fr\/wp-json\/wp\/v2\/posts\/384287\/revisions"}],"wp:featuredmedia":[{"embeddable":true,"href":"https:\/\/www.europesays.com\/fr\/wp-json\/wp\/v2\/media\/384288"}],"wp:attachment":[{"href":"https:\/\/www.europesays.com\/fr\/wp-json\/wp\/v2\/media?parent=384287"}],"wp:term":[{"taxonomy":"category","embeddable":true,"href":"https:\/\/www.europesays.com\/fr\/wp-json\/wp\/v2\/categories?post=384287"},{"taxonomy":"post_tag","embeddable":true,"href":"https:\/\/www.europesays.com\/fr\/wp-json\/wp\/v2\/tags?post=384287"}],"curies":[{"name":"wp","href":"https:\/\/api.w.org\/{rel}","templated":true}]}}