{"id":384291,"date":"2025-09-12T03:08:13","date_gmt":"2025-09-12T03:08:13","guid":{"rendered":"https:\/\/www.europesays.com\/fr\/384291\/"},"modified":"2025-09-12T03:08:13","modified_gmt":"2025-09-12T03:08:13","slug":"charlie-kirk-le-martyr-du-trumpisme-en-replay-c-ce-soir","status":"publish","type":"post","link":"https:\/\/www.europesays.com\/fr\/384291\/","title":{"rendered":"Charlie Kirk : le \u201cmartyr\u201d du trumpisme ? en replay &#8211; C ce soir"},"content":{"rendered":"<p class=\"kPgwkc gYsEFt\"><b style=\"font-weight:normal\" id=\"docs-internal-guid-3050c339-7fff-7178-dcef-ac11b016db5b\">\u00a0dans C CE SOIR, le meurtre de l\u2019un des plus fid\u00e8les soutiens de Donald TRUMP\u2026 Il s\u2019appelait Charlie KIRK, influenceur et podcasteur de 31 ans, tu\u00e9 hier sur un campus am\u00e9ricain\u2026 Sa mort enflamme l\u2019Am\u00e9rique trumpiste, qui accuse \u201cla gauche radicale\u201d d\u2019\u00eatre responsable de sa mort\u2026 Alors quelles conclusions tirer de ce drame ? Est-ce une bascule dans la guerre id\u00e9ologique et culturelle qui d\u00e9chire les Etats-Unis ? On en d\u00e9bat avec nos invit\u00e9s :\u00a0<br \/><\/b><\/p>\n<p class=\"kPgwkc gYsEFt\">\u25b6\ufe0eIvanne TRIPPENBACH Grand reporter au journal Le Monde<\/p>\n<p class=\"kPgwkc gYsEFt\">\u25b6\ufe0e Thomas SNEGAROFF Historien, journaliste, auteur du livre La Conspiration (ed. Albin Michel, \u00e0 para\u00eetre le 1er octobre)<\/p>\n<p class=\"kPgwkc gYsEFt\">\u25b6\ufe0e Pierre VALENTIN Essayiste, fondateur du m\u00e9dia \u00ab Transmission \u00bb, auteur du livre Comprendre la r\u00e9volution woke (ed. Gallimard, octobre 2023)<\/p>\n<p class=\"kPgwkc gYsEFt\">\u25b6\ufe0e Lumir LAPRAY Activiste<\/p>\n<p class=\"kPgwkc gYsEFt\">\u25b6\ufe0e Laure MANDEVILLE Grand reporter au Figaro, ancienne correspondante \u00e0 Washington (2009-2016)<\/p>\n<p class=\"kPgwkc gYsEFt\">\u25b6\ufe0e Cole STANGLER Journaliste, contributeur pour The Nation, Jacobine et The Guardian, auteur du livre Le Miroir am\u00e9ricain. Enqu\u00eate sur la radicalisation des droites et l\u2019avenir de la gauche (ed. Des Ar\u00e8nes, mai 2025)<\/p>\n<p><br class=\"Apple-interchange-newline\"\/><\/p>\n","protected":false},"excerpt":{"rendered":"\u00a0dans C CE SOIR, le meurtre de l\u2019un des plus fid\u00e8les soutiens de Donald TRUMP\u2026 Il s\u2019appelait Charlie&hellip;\n","protected":false},"author":2,"featured_media":384292,"comment_status":"","ping_status":"","sticky":false,"template":"","format":"standard","meta":{"footnotes":""},"categories":[1356],"tags":[58,59,1011,27,252,1364],"class_list":{"0":"post-384291","1":"post","2":"type-post","3":"status-publish","4":"format-standard","5":"has-post-thumbnail","7":"category-television","8":"tag-divertissement","9":"tag-entertainment","10":"tag-fr","11":"tag-france","12":"tag-television","13":"tag-tv"},"share_on_mastodon":{"url":"https:\/\/pubeurope.com\/@fr\/115189127802034054","error":""},"_links":{"self":[{"href":"https:\/\/www.europesays.com\/fr\/wp-json\/wp\/v2\/posts\/384291","targetHints":{"allow":["GET"]}}],"collection":[{"href":"https:\/\/www.europesays.com\/fr\/wp-json\/wp\/v2\/posts"}],"about":[{"href":"https:\/\/www.europesays.com\/fr\/wp-json\/wp\/v2\/types\/post"}],"author":[{"embeddable":true,"href":"https:\/\/www.europesays.com\/fr\/wp-json\/wp\/v2\/users\/2"}],"replies":[{"embeddable":true,"href":"https:\/\/www.europesays.com\/fr\/wp-json\/wp\/v2\/comments?post=384291"}],"version-history":[{"count":0,"href":"https:\/\/www.europesays.com\/fr\/wp-json\/wp\/v2\/posts\/384291\/revisions"}],"wp:featuredmedia":[{"embeddable":true,"href":"https:\/\/www.europesays.com\/fr\/wp-json\/wp\/v2\/media\/384292"}],"wp:attachment":[{"href":"https:\/\/www.europesays.com\/fr\/wp-json\/wp\/v2\/media?parent=384291"}],"wp:term":[{"taxonomy":"category","embeddable":true,"href":"https:\/\/www.europesays.com\/fr\/wp-json\/wp\/v2\/categories?post=384291"},{"taxonomy":"post_tag","embeddable":true,"href":"https:\/\/www.europesays.com\/fr\/wp-json\/wp\/v2\/tags?post=384291"}],"curies":[{"name":"wp","href":"https:\/\/api.w.org\/{rel}","templated":true}]}}