{"id":384293,"date":"2025-09-12T03:09:26","date_gmt":"2025-09-12T03:09:26","guid":{"rendered":"https:\/\/www.europesays.com\/fr\/384293\/"},"modified":"2025-09-12T03:09:26","modified_gmt":"2025-09-12T03:09:26","slug":"revolte-le-nouveau-single-engage-de-dode","status":"publish","type":"post","link":"https:\/\/www.europesays.com\/fr\/384293\/","title":{"rendered":"\u00ab\u00a0R\u00e9volte\u00a0\u00bb, le nouveau single engag\u00e9 de Dode"},"content":{"rendered":"<p>Le groupe de rock local DODE a sorti ce mercredi 10 septembre son tout nouveau single au titre \u00e9vocateur: R\u00e9volte.<\/p>\n<p>Alors qu&rsquo;ils ont vu leur notori\u00e9t\u00e9 faire un bond bien au-del\u00e0 des fronti\u00e8res de l&rsquo;archipel ces derniers mois, les artistes du groupe DODE r\u00e9pondent aux attentes de leurs fans. Apr\u00e8s un passage \u00e0 la t\u00e9l\u00e9vision fran\u00e7aise sur Culture Box, une tourn\u00e9e franco-belge l&rsquo;automne dernier et quelques concerts locaux cet \u00e9t\u00e9, DODE sort un nouveau titre qui va faire parler dans les chaumi\u00e8res.<\/p>\n<p><strong>\u00c0 lire aussi : <a href=\"https:\/\/la1ere.franceinfo.fr\/saintpierremiquelon\/succes-au-rendez-vous-pour-le-debut-de-tournee-de-dode-1532092.html\" target=\"_blank\" rel=\"noopener nofollow\">Succ\u00e8s au rendez-vous pour le d\u00e9but de tourn\u00e9e de DODE<\/a><\/strong><\/p>\n<p>Le titre \u00ab\u00a0R\u00e9volte\u00a0\u00bb \u00e9crit depuis longtemps et d\u00e9j\u00e0 interpr\u00e9t\u00e9 en concert par la formation musicale locale fait sa sortie num\u00e9rique \u00e0 une date symbolique : le 10 septembre 2025, journ\u00e9e du \u00ab\u00a0Bloquons tout\u00a0\u00bb. DODE pr\u00e9cise n\u00e9anmoins son profil \u00eatre un groupe apolitique et non-partisan.<\/p>\n<\/p>\n<p>Les paroles sont fortes, \u00ab\u00a0A l&rsquo;\u00e9chafaud tous les banquiers, les politiques sur le b\u00fbcher\u00a0\u00bb mais la revendication, c&rsquo;est dans l&rsquo;ADN du groupe depuis ses d\u00e9buts. La sortie de R\u00e9volte am\u00e8ne une question logique : un nouvel album est-il pr\u00e9vu ?<\/p>\n<blockquote class=\"ftvi_content_quote\">\n<p class=\"ftvi_citation_quote\">Oui, mais on ne se met aucune pression sur la date de sortie, on a d\u00e9j\u00e0 la mati\u00e8re. Maintenant il nous faut du temps pour les enregistrements, m\u00eame si c&rsquo;est d\u00e9j\u00e0 fait en partie.<\/p>\n<p>Steven Yon, guitariste de Dode<\/p>\n<\/blockquote>\n<p>Pour revoir le groupe se produire sur la sc\u00e8ne locale, il va falloir attendre.<\/p>\n<blockquote class=\"ftvi_content_quote\">\n<p class=\"ftvi_citation_quote\">Les dates de cet \u00e9t\u00e9 ont \u00e9t\u00e9 pas mal improvis\u00e9es, donc peut-\u00eatre que la prochaine aussi, on ne sait pas.<\/p>\n<p>Steven Yon, guitariste de Dode<\/p>\n<\/blockquote>\n<p>Une chose est s\u00fbre, la formation musicale peut compter sur son public qui a d\u00e9j\u00e0 \u00e9cout\u00e9 son nouveau son \u00e0 pr\u00e8s de 1000 reprises sur Youtube en moins de 24 heures. R\u00e9volte sera disponible \u00e0 l&rsquo;\u00e9coute sur toutes les plateformes en ligne d&rsquo;ici la fin de semaine.<\/p>\n","protected":false},"excerpt":{"rendered":"Le groupe de rock local DODE a sorti ce mercredi 10 septembre son tout nouveau single au titre&hellip;\n","protected":false},"author":2,"featured_media":384294,"comment_status":"","ping_status":"","sticky":false,"template":"","format":"standard","meta":{"footnotes":""},"categories":[1355],"tags":[58,59,1011,27,1361,873],"class_list":{"0":"post-384293","1":"post","2":"type-post","3":"status-publish","4":"format-standard","5":"has-post-thumbnail","7":"category-musique","8":"tag-divertissement","9":"tag-entertainment","10":"tag-fr","11":"tag-france","12":"tag-music","13":"tag-musique"},"share_on_mastodon":{"url":"https:\/\/pubeurope.com\/@fr\/115189131838987773","error":""},"_links":{"self":[{"href":"https:\/\/www.europesays.com\/fr\/wp-json\/wp\/v2\/posts\/384293","targetHints":{"allow":["GET"]}}],"collection":[{"href":"https:\/\/www.europesays.com\/fr\/wp-json\/wp\/v2\/posts"}],"about":[{"href":"https:\/\/www.europesays.com\/fr\/wp-json\/wp\/v2\/types\/post"}],"author":[{"embeddable":true,"href":"https:\/\/www.europesays.com\/fr\/wp-json\/wp\/v2\/users\/2"}],"replies":[{"embeddable":true,"href":"https:\/\/www.europesays.com\/fr\/wp-json\/wp\/v2\/comments?post=384293"}],"version-history":[{"count":0,"href":"https:\/\/www.europesays.com\/fr\/wp-json\/wp\/v2\/posts\/384293\/revisions"}],"wp:featuredmedia":[{"embeddable":true,"href":"https:\/\/www.europesays.com\/fr\/wp-json\/wp\/v2\/media\/384294"}],"wp:attachment":[{"href":"https:\/\/www.europesays.com\/fr\/wp-json\/wp\/v2\/media?parent=384293"}],"wp:term":[{"taxonomy":"category","embeddable":true,"href":"https:\/\/www.europesays.com\/fr\/wp-json\/wp\/v2\/categories?post=384293"},{"taxonomy":"post_tag","embeddable":true,"href":"https:\/\/www.europesays.com\/fr\/wp-json\/wp\/v2\/tags?post=384293"}],"curies":[{"name":"wp","href":"https:\/\/api.w.org\/{rel}","templated":true}]}}