{"id":384301,"date":"2025-09-12T03:13:12","date_gmt":"2025-09-12T03:13:12","guid":{"rendered":"https:\/\/www.europesays.com\/fr\/384301\/"},"modified":"2025-09-12T03:13:12","modified_gmt":"2025-09-12T03:13:12","slug":"exclu-scandale-sexuel-chez-les-miss-france-ce-message-quaurait-envoye-angelique-angarni-filopon-en-toute-discretion","status":"publish","type":"post","link":"https:\/\/www.europesays.com\/fr\/384301\/","title":{"rendered":"EXCLU. Scandale sexuel chez les Miss France ? Ce message qu&rsquo;aurait envoy\u00e9 Ang\u00e9lique Angarni-Filopon en toute discr\u00e9tion"},"content":{"rendered":"<p data-start=\"352\" data-end=\"911\">Dans les coulisses de <a href=\"https:\/\/www.closermag.fr\/tv-tele-realite\/miss-france\" target=\"_blank\" rel=\"noopener\">Miss<br \/>\nFrance<\/a>, c&rsquo;est l&rsquo;\u00e9tonnement voire la stupeur. Les<br \/>\n\u00ab\u00a0r\u00e9v\u00e9lations\u00a0\u00bb d&rsquo;<a href=\"https:\/\/www.closermag.fr\/people\/des-agressions-sexuelles-a-miss-france-letrange-profil-du-lanceur-dalerte-aux-incoherences-crasses-3576218\" target=\"_blank\" rel=\"noopener\">Hubert<br \/>\nGu\u00e9rin<\/a> en ont s\u00e9ch\u00e9 plus d&rsquo;une. Proche de Genevi\u00e8ve de<br \/>\nFontenay, il assure dans un livre que certaines reines de beaut\u00e9<br \/>\nont \u00e9t\u00e9 victimes de viols ou d&rsquo;<a href=\"https:\/\/www.closermag.fr\/tv_tele_realite\/se-masturbaient-dans-les-coulisses-de-miss-france-revelations-choc-3575970\" target=\"_blank\" rel=\"noopener\">agressions<br \/>\nsexuelles<\/a>. \u00ab\u00a0Elles auraient eu lieu principalement entre<br \/>\n1990 et 2002, date du rachat de la soci\u00e9t\u00e9 Miss France par Endemol.<br \/>\nAu niveau national, je n&rsquo;ai pas entendu parler de faits apr\u00e8s cette<br \/>\ndate mais au niveau local <strong>cela continue encore<br \/>\naujourd&rsquo;hui<\/strong>\u00ab\u00a0, pr\u00e9cise-t-il dans les colonnes de<br \/>\nCloser.<\/p>\n<p data-start=\"913\" data-end=\"1329\">Dans une interview \u00e0 retrouver<br \/>\nce vendredi 12 septembre en kiosques, Hubert Gu\u00e9rin r\u00e9agit aux<br \/>\nr\u00e9ponses du comit\u00e9, de <a href=\"https:\/\/www.closermag.fr\/bio-people\/sylvie-tellier\" target=\"_blank\" rel=\"noopener\">Sylvie<br \/>\nTellier<\/a> et de <a href=\"https:\/\/www.closermag.fr\/bio-people\/biographie-camille-cerf-442658\" target=\"_blank\" rel=\"noopener\"><br \/>\nCamille Cerf<\/a>. Cit\u00e9e par le proche de Genevi\u00e8ve de Fontenay sur<br \/>\nle plateau de Cyril Hanouna, elle est tomb\u00e9e de sa chaise.<br \/>\n\u00ab\u00a0Quand je recueille son t\u00e9moignage en 2015, elle m\u2019explique que,<br \/>\ndans la rue, elle a tous les jours des propositions<br \/>\nsexuelles\u00a0\u00bb, affirmait-il dans TBT9.<\/p>\n<p>\u00ab\u00a0Miss France m\u2019a toujours<br \/>\nprot\u00e9g\u00e9e\u00a0\u00bb<\/p>\n<p data-start=\"1331\" data-end=\"1710\">\u00ab\u00a0Je n\u2019ai jamais discut\u00e9<br \/>\navec Hubert Gu\u00e9rin, ce qu\u2019il dit \u00e0 mon sujet est <strong>faux et<br \/>\ninvent\u00e9 de toutes pi\u00e8ces<\/strong>, a r\u00e9agi Camille Cerf sur<br \/>\nX. Ses propos sont tr\u00e8s graves et je ne compte pas le laisser<br \/>\nfaire. Pendant mon ann\u00e9e et depuis ces dix ann\u00e9es, l\u2019organisation<br \/>\nMiss France m\u2019a toujours prot\u00e9g\u00e9e.\u00a0\u00bb Comme elle, Sylvie Tellier<br \/>\ns&rsquo;est dite tr\u00e8s surprise par le livre d&rsquo;Hubert Gu\u00e9rin.<\/p>\n<p data-start=\"1712\" data-end=\"2205\"><strong>\u00ab\u00a0Je n\u2019ai jamais<br \/>\n\u00e9t\u00e9 victime, ni t\u00e9moin, ni inform\u00e9e d\u2019agressions sexuelles au sein<br \/>\nde Miss France<\/strong>, \u00e9crivait-elle sur son compte<br \/>\nInstagram. Je me suis toujours sentie en s\u00e9curit\u00e9 aupr\u00e8s de<br \/>\nGenevi\u00e8ve de Fontenay qui, comme moi, faisait de la protection des<br \/>\nMiss une priorit\u00e9.\u00a0\u00bb Comme Camille Cerf, elle affirmait n&rsquo;avoir<br \/>\njamais \u00e9t\u00e9 \u00ab\u00a0interview\u00e9e par Hubert Gu\u00e9rin\u00a0\u00bb pour<br \/>\nMiss France, du r\u00eave \u00e0 la<br \/>\nr\u00e9alit\u00e9. \u00ab\u00a0Certaines Miss cit\u00e9es affirment elles-m\u00eames ne<br \/>\njamais lui avoir parl\u00e9\u00a0\u00bb, concluait-elle.<\/p>\n<p>Miss<br \/>\nFrance : ce message qu&rsquo;Ang\u00e9lique Angarni-Filopon aurait envoy\u00e9<\/p>\n<p data-start=\"2207\" data-end=\"2777\">Dans nos colonnes, Hubert<br \/>\nGu\u00e9rin se d\u00e9fend. \u00ab\u00a0Elles n&rsquo;ont pas lu le livre et sont le<br \/>\nsymbole d&rsquo;une institution qui se prot\u00e8ge. Sylvie Tellier a besoin<br \/>\nde l&rsquo;\u00e9tiquette Miss France pour vivre, tout comme Camille<br \/>\nCerf\u00a0\u00bb, a-t-il lanc\u00e9. Selon lui, <a href=\"https:\/\/www.closermag.fr\/tag\/miss-france-2025\" target=\"_blank\" rel=\"noopener\">Miss France<br \/>\n2025<\/a> aurait r\u00e9agi dans ce sens. \u00ab\u00a0D\u2019autre part, j\u2019ai appris<br \/>\nqu\u2019<a href=\"https:\/\/www.closermag.fr\/bio-people\/angelique-angardni-filopon\" target=\"_blank\" rel=\"noopener\">Ang\u00e9lique<br \/>\nAngarni-Filopon<\/a>, Miss France 2025, avait \u00e9crit dans le groupe<br \/>\nWhatsApp des Miss France : &lsquo;Fr\u00e9d\u00e9ric (Gilbert) a besoin que l&rsquo;on<br \/>\nprot\u00e8ge la soci\u00e9t\u00e9 Miss France. <strong>Il faut faire des stories<br \/>\npour dire que vous n&rsquo;avez pas \u00e9t\u00e9 victime<\/strong>&lsquo;\u00a0\u00bb,<br \/>\naffirme-t-il.<\/p>\n<p data-start=\"2779\" data-end=\"3288\">Prot\u00e9ger le concours de Miss<br \/>\nFrance ? C&rsquo;est aussi, selon Hubert Gu\u00e9rin, la raison pour laquelle<br \/>\nGenevi\u00e8ve de Fontenay n&rsquo;aurait pas voulu \u00e9bruiter ce scandale<br \/>\nsexuel pr\u00e9sum\u00e9. \u00ab\u00a0Genevi\u00e8ve de Fontenay m&rsquo;avait demand\u00e9 de la<br \/>\nlaisser terminer sa vie en paix avec ses Miss. Elle avait<br \/>\nconscience que mes r\u00e9v\u00e9lations pourraient entacher un concours<br \/>\nqu&rsquo;elle a port\u00e9, nous a-t-il affirm\u00e9. <strong>Mais je<br \/>\npense qu\u2019elle serait fi\u00e8re de mon combat pour que la v\u00e9rit\u00e9 \u00e9clate<br \/>\net que les jeunes candidates puissent \u00eatre<br \/>\nprot\u00e9g\u00e9es.\u00a0\u00bb<\/strong><\/p>\n<p><strong>COMMENT ACHETER CLOSER ? Votre magazine est en vente \u00e0<br \/>\npartir du vendredi 12 septembre 2025 chez votre marchand de<br \/>\njournaux, sur \u00a0 <a id=\"OWAc58aa411-3989-74bd-b2c3-83ac99d2be15\" title=\"URL d&#039;origine: https:\/\/play.google.com\/store\/apps\/details?id=com.immanens.kioskmag&amp;hl=fr. Cliquez ou appuyez si vous faites confiance \u00e0 ce lien.\" href=\"https:\/\/eur01.safelinks.protection.outlook.com\/?url=https%3A%2F%2Fplay.google.com%2Fstore%2Fapps%2Fdetails%3Fid%3Dcom.immanens.kioskmag%26hl%3Dfr&amp;data=05%7C02%7Cccarlesimo%40reworldmedia.com%7Cadc9e8b717d547007fa108ddf077a259%7C1b09a7299d274c9cbadff357eaf62335%7C0%7C0%7C638931118787448486%7CUnknown%7CTWFpbGZsb3d8eyJFbXB0eU1hcGkiOnRydWUsIlYiOiIwLjAuMDAwMCIsIlAiOiJXaW4zMiIsIkFOIjoiTWFpbCIsIldUIjoyfQ%3D%3D%7C0%7C%7C%7C&amp;sdata=NTV%2FnkoE8btLNwttzZPm13E4LBI2CeWQtue5MOsGxw4%3D&amp;reserved=0\" rel=\"noopener noreferrer\" data-linkindex=\"2\" data-mrf-link=\"https:\/\/play.google.com\/store\/apps\/details?id=com.immanens.kioskmag&amp;hl=fr\" data-mrf-recirculation-id=\"Article_10\" data-auth=\"NotApplicable\" target=\"_blank\">Android<\/a> \u00a0, \u00a0 <a id=\"OWAd41d8b0d-57c8-fb8b-3e69-78e62a125aee\" title=\"URL d&#039;origine: https:\/\/apps.apple.com\/fr\/app\/closer-magazine\/id395501531. Cliquez ou appuyez si vous faites confiance \u00e0 ce lien.\" href=\"https:\/\/eur01.safelinks.protection.outlook.com\/?url=https%3A%2F%2Fapps.apple.com%2Ffr%2Fapp%2Fcloser-magazine%2Fid395501531&amp;data=05%7C02%7Cccarlesimo%40reworldmedia.com%7Cadc9e8b717d547007fa108ddf077a259%7C1b09a7299d274c9cbadff357eaf62335%7C0%7C0%7C638931118787464767%7CUnknown%7CTWFpbGZsb3d8eyJFbXB0eU1hcGkiOnRydWUsIlYiOiIwLjAuMDAwMCIsIlAiOiJXaW4zMiIsIkFOIjoiTWFpbCIsIldUIjoyfQ%3D%3D%7C0%7C%7C%7C&amp;sdata=dgXE4pM0JcbtQE4x9V1KJVFe5o7RzzQYBV5%2Bh1cl%2Brk%3D&amp;reserved=0\" rel=\"noopener noreferrer\" data-linkindex=\"3\" data-mrf-link=\"https:\/\/apps.apple.com\/fr\/app\/closer-magazine\/id395501531\" data-mrf-recirculation-id=\"Article_11\" data-auth=\"NotApplicable\" target=\"_blank\">iPad<\/a> \u00a0\u00a0et sur \u00a0 <a id=\"LPlnkOWAdd7b2f8d-2caa-be61-6152-7154fd4da948\" title=\"URL d&#039;origine: https:\/\/www.kiosquemag.com\/titres\/closer\/offres?utm_source=Closer&amp;utm_medium=article. Cliquez ou appuyez si vous faites confiance \u00e0 ce lien.\" href=\"https:\/\/eur01.safelinks.protection.outlook.com\/?url=https%3A%2F%2Fwww.kiosquemag.com%2Ftitres%2Fcloser%2Foffres%3Futm_source%3DCloser%26utm_medium%3Darticle&amp;data=05%7C02%7Cccarlesimo%40reworldmedia.com%7Cadc9e8b717d547007fa108ddf077a259%7C1b09a7299d274c9cbadff357eaf62335%7C0%7C0%7C638931118787481139%7CUnknown%7CTWFpbGZsb3d8eyJFbXB0eU1hcGkiOnRydWUsIlYiOiIwLjAuMDAwMCIsIlAiOiJXaW4zMiIsIkFOIjoiTWFpbCIsIldUIjoyfQ%3D%3D%7C0%7C%7C%7C&amp;sdata=8tb0xxT38K9Lso63JyHitwoknIcSzJn3v0uVylxakv0%3D&amp;reserved=0\" rel=\"noopener noreferrer\" data-linkindex=\"4\" data-mrf-link=\"https:\/\/www.kiosquemag.com\/titres\/closer\/offres?utm_source=Closer&amp;utm_medium=article\" data-mrf-recirculation-id=\"Article_12\" data-auth=\"NotApplicable\" target=\"_blank\">KiosqueMag.<\/a><\/strong><\/p>\n","protected":false},"excerpt":{"rendered":"Dans les coulisses de Miss France, c&rsquo;est l&rsquo;\u00e9tonnement voire la stupeur. Les \u00ab\u00a0r\u00e9v\u00e9lations\u00a0\u00bb d&rsquo;Hubert Gu\u00e9rin en ont s\u00e9ch\u00e9&hellip;\n","protected":false},"author":2,"featured_media":384302,"comment_status":"","ping_status":"","sticky":false,"template":"","format":"standard","meta":{"footnotes":""},"categories":[8],"tags":[43364,548,58,59,1011,27,3034],"class_list":{"0":"post-384301","1":"post","2":"type-post","3":"status-publish","4":"format-standard","5":"has-post-thumbnail","7":"category-divertissement","8":"tag-angelique-angarni-filopon","9":"tag-article-simple","10":"tag-divertissement","11":"tag-entertainment","12":"tag-fr","13":"tag-france","14":"tag-miss-france"},"share_on_mastodon":{"url":"https:\/\/pubeurope.com\/@fr\/115189147461055936","error":""},"_links":{"self":[{"href":"https:\/\/www.europesays.com\/fr\/wp-json\/wp\/v2\/posts\/384301","targetHints":{"allow":["GET"]}}],"collection":[{"href":"https:\/\/www.europesays.com\/fr\/wp-json\/wp\/v2\/posts"}],"about":[{"href":"https:\/\/www.europesays.com\/fr\/wp-json\/wp\/v2\/types\/post"}],"author":[{"embeddable":true,"href":"https:\/\/www.europesays.com\/fr\/wp-json\/wp\/v2\/users\/2"}],"replies":[{"embeddable":true,"href":"https:\/\/www.europesays.com\/fr\/wp-json\/wp\/v2\/comments?post=384301"}],"version-history":[{"count":0,"href":"https:\/\/www.europesays.com\/fr\/wp-json\/wp\/v2\/posts\/384301\/revisions"}],"wp:featuredmedia":[{"embeddable":true,"href":"https:\/\/www.europesays.com\/fr\/wp-json\/wp\/v2\/media\/384302"}],"wp:attachment":[{"href":"https:\/\/www.europesays.com\/fr\/wp-json\/wp\/v2\/media?parent=384301"}],"wp:term":[{"taxonomy":"category","embeddable":true,"href":"https:\/\/www.europesays.com\/fr\/wp-json\/wp\/v2\/categories?post=384301"},{"taxonomy":"post_tag","embeddable":true,"href":"https:\/\/www.europesays.com\/fr\/wp-json\/wp\/v2\/tags?post=384301"}],"curies":[{"name":"wp","href":"https:\/\/api.w.org\/{rel}","templated":true}]}}