{"id":384303,"date":"2025-09-12T03:14:12","date_gmt":"2025-09-12T03:14:12","guid":{"rendered":"https:\/\/www.europesays.com\/fr\/384303\/"},"modified":"2025-09-12T03:14:12","modified_gmt":"2025-09-12T03:14:12","slug":"si-vous-avez-un-grand-salon-cette-maxi-tv-xiaomi-75-a-prix-mini-sur-amazon-est-top-%f0%9f%91%8c","status":"publish","type":"post","link":"https:\/\/www.europesays.com\/fr\/384303\/","title":{"rendered":"Si vous avez un grand salon, cette maxi TV Xiaomi 75&Prime; \u00e0 prix mini sur Amazon est top \ud83d\udc4c"},"content":{"rendered":"<p>Amateurs de cin\u00e9ma, voici une offre qui devrait faire votre bonheur. Amazon s\u2019attaque au prix de la Xiaomi TV F Pro avec une remise dont lui seul \u00e0 le secret. Pour une dur\u00e9e ind\u00e9termin\u00e9e, et dans la limite des stocks disponibles, il affiche ce <a href=\"https:\/\/shop.journaldugeek.com\/go\/31432\/\" rel=\"nofollow noopener\" target=\"_blank\">mod\u00e8le d\u2019une diagonale impressionnante (190 cm) \u00e0 seulement 649 euros<\/a>.<\/p>\n<p class=\"text-center not-prose\"><a class=\"comp-button\" href=\"https:\/\/shop.journaldugeek.com\/go\/31432\/\" target=\"_self\" rel=\"sponsored nofollow noopener\">Je profite de l\u2019offre sur Amazon<\/a><\/p>\n<p>Pour rappel ou \u00e0 titre informatif, la Xiaomi TV F Pro 75 co\u00fbtait 979 euros \u00e0 sa sortie. C\u2019est donc une excellente affaire, pour quiconque veut \u00e9conomiser un max. On l\u2019a certes d\u00e9j\u00e0 vue \u00e0 599 euros pour le Prime Day, cela dit, m\u00eame \u00e0 649 euros \u00e7a reste un excellent prix.<\/p>\n<p>Malgr\u00e9 le fait qu\u2019il faille un gros camion (et certainement deux livreurs pour la d\u00e9charger), la livraison \u00e0 l\u2019avantage d\u2019\u00eatre gratuite. Comptez cependant un d\u00e9lai un peu plus long qu\u2019\u00e0 l\u2019accoutum\u00e9e, d\u2019environ une semaine. Avant de passer commande, on vous conseille de bien v\u00e9rifier que votre salon ou cage d\u2019escalier est suffisamment grande pour l\u2019accueillir.<\/p>\n<p>M\u00eame si vous avez 30 jours pour la retourner, il serait vraiment dommage de n\u00e9gliger un point aussi important, qui viendrait g\u00e2cher votre enthousiasme \u00e0 son arriv\u00e9e. Pour conclure, vous avez aussi la garantie constructeur de deux ans, qui vous couvre contre les \u00e9ventuelles pannes ou vices cach\u00e9s.<\/p>\n<p>Une t\u00e9l\u00e9 qui envoie le cin\u00e9ma chez vous<\/p>\n<p data-reader-unique-id=\"18\">Si Xiaomi s\u2019est fait un nom sur le march\u00e9 des smartphones, le constructeur chinois a peu \u00e0 peu diversifier sa gamme de produits. Et le moins que l\u2019on puisse dire, c\u2019est qu\u2019il a fait une entr\u00e9e fracassante sur le march\u00e9 des TV, avec des mod\u00e8les qui propose un rapport qualit\u00e9-prix excellent, fid\u00e8le \u00e0 sa r\u00e9putation.<\/p>\n<p data-reader-unique-id=\"18\">Son dernier mod\u00e8le ne d\u00e9roge pas \u00e0 la r\u00e8gle, et propose des caract\u00e9ristiques techniques impressionnantes. Dans le d\u00e9tail, la Xiaomi TV F Pro 75 profite d\u2019une dalle QLED, pour vous offrir des images \u00e9clatantes avec des couleurs fid\u00e8les \u00e0 la r\u00e9alit\u00e9. Gr\u00e2ce au HDR10+ et au mode Filmmaker Mode, vous avez un rendu ultra-r\u00e9aliste, proche de la vision des r\u00e9alisateurs.<\/p>\n<p data-reader-unique-id=\"18\">IL s\u2019agit bien \u00e9videmment d\u2019un mod\u00e8le de d\u00e9finition 4K, le standard en 2025. Si vous voulez un grand \u00e9cran pour jouer, vous serez \u00e9galement aux anges, puisqu\u2019on retrouve un mode Game Boost qui porte le taux de rafra\u00eechissement \u00e0 120 Hz via HDMI, accompagn\u00e9 de la technologie MEMC, garantissant des images fluides et nettes. Certes, la fr\u00e9quence de rafraichissement native est limit\u00e9e \u00e0 60 Hz, cela dit, \u00e7a ne g\u00e2che en rien l\u2019exp\u00e9rience au quotidien.<\/p>\n<p data-reader-unique-id=\"18\">C\u00f4t\u00e9 audio, vous profiterez d\u2019un son immersif, gr\u00e2ce \u00e0 la prise en charge des formats Dolby Audio, Dolby Atmos DTS:X et DTS Virtual:X. Si les haut-parleurs manquent de puissance selon vous (2 x 10 W), rien ne vous emp\u00eache d\u2019y brancher une barre de son pour une exp\u00e9rience audio plus immersive. En ce qui concerne la connectique, c\u2019est aussi tr\u00e8s complet, avec trois ports HDMI (dont un HDMI 2.1 prenant en charge eARC et ALLM), deux ports USB 2.0, une sortie audio optique, une prise jack 3,5 mm, un port Ethernet RJ45 et un slot CI+. Bref, rien ne manque.<\/p>\n<p data-reader-unique-id=\"18\">Pour la connectivit\u00e9 sans fil, ce t\u00e9l\u00e9viseur Xiaomi supporte le Wi-Fi double bande (2,4 et 5 GHz) ainsi que le Bluetooth 5.0. Pratique, notamment si vous voulez diffuser depuis un appareil tiers. L\u2019un de ses points forts r\u00e9side dans le fait qu\u2019il fonctionne sous Fire TV, une interface reconnue pour sa simplicit\u00e9 et sa fluidit\u00e9, donnant acc\u00e8s \u00e0 un large catalogue d\u2019applications comme Netflix, Prime Video ou YouTube, et int\u00e9grant Alexa pour un contr\u00f4le vocal intuitif.<\/p>\n<p data-reader-unique-id=\"18\">Si vous avez des appareils domotiques connect\u00e9s, vous pourrez directement les contr\u00f4ler depuis la t\u00e9l\u00e9commande.\u00a0Enfin, ce mod\u00e8le grand format est compatible avec Apple AirPlay et Miracast, vous permettant de partager sans effort vos contenus depuis un iPhone, iPad ou Mac. Au prix r\u00e9duit de 649 euros sur Amazon, cette Xiaomi TV F Pro 75 2026 est un excellent choix pour qui veut un mod\u00e8le performant, sans devoir casser sa tirelire.<\/p>\n<p data-reader-unique-id=\"19\">Pour d\u00e9couvrir le bon plan, c\u2019est juste ici\u00a0:<\/p>\n<p class=\"text-center not-prose\"><a class=\"comp-button\" href=\"https:\/\/shop.journaldugeek.com\/go\/31432\/\" target=\"_self\" rel=\"sponsored nofollow noopener\">Je profite de l\u2019offre sur Amazon<\/a><\/p>\n<blockquote>\n<p class=\"text-base text-neutral-700 dark:text-neutral-300\">\ud83d\udfe3 Pour ne manquer aucune news sur le Journal du Geek, abonnez-vous sur <a href=\"https:\/\/news.google.com\/publications\/CAAqBwgKMNr_hAswwYyCAw?hl=fr&amp;gl=FR&amp;ceid=FR%3Afr\" target=\"_blank\" rel=\"nofollow noopener\">Google Actualit\u00e9s<\/a> et sur <a href=\"https:\/\/whatsapp.com\/channel\/0029VaClM5y4tRry12tb7D2h\" target=\"_blank\" rel=\"nofollow noopener\">notre WhatsApp<\/a>. Et si vous nous adorez, on a <a href=\"https:\/\/www.journaldugeek.com\/newsletter\/\" target=\"_blank\" rel=\"nofollow noopener\">une newsletter tous les matins<\/a>.<\/p>\n<\/blockquote>\n<p>        Ce qu&rsquo;il faut savoir sur nos bons plans<\/p>\n<p>Ce contenu vous est propos\u00e9 par les experts bons plans de JDG.<br \/>&#13;<br \/>\nLa r\u00e9daction n&rsquo;a pas particip\u00e9 \u00e0 sa r\u00e9alisation. Il est possible que cette publication contienne un lien d&rsquo;affiliation\u00a0: l&rsquo;e-commer\u00e7ant pourra alors nous reverser une commission (pour vous, rien ne change). Les prix mentionn\u00e9s dans cet article sont susceptibles d&rsquo;\u00e9voluer et les offres d&rsquo;expirer. Merci de bien regarder la date de publication.<\/p>\n","protected":false},"excerpt":{"rendered":"Amateurs de cin\u00e9ma, voici une offre qui devrait faire votre bonheur. Amazon s\u2019attaque au prix de la Xiaomi&hellip;\n","protected":false},"author":2,"featured_media":384304,"comment_status":"","ping_status":"","sticky":false,"template":"","format":"standard","meta":{"footnotes":""},"categories":[7],"tags":[1011,27,43,40,41,39,42,44],"class_list":{"0":"post-384303","1":"post","2":"type-post","3":"status-publish","4":"format-standard","5":"has-post-thumbnail","7":"category-sciences-et-technologies","8":"tag-fr","9":"tag-france","10":"tag-science","11":"tag-science-and-technology","12":"tag-sciences","13":"tag-sciences-et-technologies","14":"tag-technologies","15":"tag-technology"},"share_on_mastodon":{"url":"https:\/\/pubeurope.com\/@fr\/115189151398088166","error":""},"_links":{"self":[{"href":"https:\/\/www.europesays.com\/fr\/wp-json\/wp\/v2\/posts\/384303","targetHints":{"allow":["GET"]}}],"collection":[{"href":"https:\/\/www.europesays.com\/fr\/wp-json\/wp\/v2\/posts"}],"about":[{"href":"https:\/\/www.europesays.com\/fr\/wp-json\/wp\/v2\/types\/post"}],"author":[{"embeddable":true,"href":"https:\/\/www.europesays.com\/fr\/wp-json\/wp\/v2\/users\/2"}],"replies":[{"embeddable":true,"href":"https:\/\/www.europesays.com\/fr\/wp-json\/wp\/v2\/comments?post=384303"}],"version-history":[{"count":0,"href":"https:\/\/www.europesays.com\/fr\/wp-json\/wp\/v2\/posts\/384303\/revisions"}],"wp:featuredmedia":[{"embeddable":true,"href":"https:\/\/www.europesays.com\/fr\/wp-json\/wp\/v2\/media\/384304"}],"wp:attachment":[{"href":"https:\/\/www.europesays.com\/fr\/wp-json\/wp\/v2\/media?parent=384303"}],"wp:term":[{"taxonomy":"category","embeddable":true,"href":"https:\/\/www.europesays.com\/fr\/wp-json\/wp\/v2\/categories?post=384303"},{"taxonomy":"post_tag","embeddable":true,"href":"https:\/\/www.europesays.com\/fr\/wp-json\/wp\/v2\/tags?post=384303"}],"curies":[{"name":"wp","href":"https:\/\/api.w.org\/{rel}","templated":true}]}}