{"id":384314,"date":"2025-09-12T03:22:48","date_gmt":"2025-09-12T03:22:48","guid":{"rendered":"https:\/\/www.europesays.com\/fr\/384314\/"},"modified":"2025-09-12T03:22:48","modified_gmt":"2025-09-12T03:22:48","slug":"nancy-un-carrefour-express-ouvert-rue-blandan-non-loin-dun-autre-le-gerant-explique-pourquoi","status":"publish","type":"post","link":"https:\/\/www.europesays.com\/fr\/384314\/","title":{"rendered":"Nancy. Un Carrefour express ouvert rue Blandan, non loin d&rsquo;un autre, le g\u00e9rant explique pourquoi"},"content":{"rendered":"<p>Un nouveau supermarch\u00e9 Carrefour Express a ouvert ses portes mercredi dernier au 23 rue Blandan. Il se situe \u00e0 l\u2019emplacement de l\u2019ancienne Poste, qui a ferm\u00e9 d\u00e9finitivement en 2022. \u00c0 sa t\u00eate, on retrouve \u00c9ric Baudelet, d\u00e9j\u00e0 g\u00e9rant depuis 18 ans du Carrefour City situ\u00e9 \u00e0 seulement quelques centaines de m\u00e8tres, avenue G\u00e9n\u00e9ral-Leclerc. Le g\u00e9rant a d\u00e9marr\u00e9 sa carri\u00e8re en tant qu\u2019employ\u00e9 de rayon avant de gravir les \u00e9chelons et d\u2019occuper un poste de directeur adjoint chez M\u00e9tro.<\/p>\n<p>\u00c9ric Baudelet se dit confiant quant \u00e0 la proximit\u00e9 des deux magasins. Il explique\u00a0: \u00ab\u00a0J\u2019ai l\u2019impression de red\u00e9marrer, comme en 2007, lors de l\u2019ouverture du premier magasin.\u00a0\u00bb<\/p>\n<p>L\u2019objectif est d\u2019offrir une offre compl\u00e9mentaire aux habitants du quartier. M\u00eame si la client\u00e8le est la m\u00eame, ce nouveau magasin se distingue par son bar \u00e0 salades. Ce nouveau service permettra de r\u00e9pondre aux attentes des clients qui souhaitent une offre de restauration diff\u00e9rente pour le d\u00e9jeuner.<\/p>\n","protected":false},"excerpt":{"rendered":"Un nouveau supermarch\u00e9 Carrefour Express a ouvert ses portes mercredi dernier au 23 rue Blandan. Il se situe&hellip;\n","protected":false},"author":2,"featured_media":384315,"comment_status":"","ping_status":"","sticky":false,"template":"","format":"standard","meta":{"footnotes":""},"categories":[9635],"tags":[1111,11,1704,1777,674,1011,27,775,1702,1703,12,25,104],"class_list":{"0":"post-384314","1":"post","2":"type-post","3":"status-publish","4":"format-standard","5":"has-post-thumbnail","7":"category-nancy","8":"tag-actu","9":"tag-actualites","10":"tag-edition-nancy-et-agglomeration","11":"tag-eu","12":"tag-europe","13":"tag-fr","14":"tag-france","15":"tag-grand-est","16":"tag-nancy","17":"tag-nancy-ville-54b","18":"tag-news","19":"tag-republique-francaise","20":"tag-societe"},"share_on_mastodon":{"url":"https:\/\/pubeurope.com\/@fr\/115189186693593057","error":""},"_links":{"self":[{"href":"https:\/\/www.europesays.com\/fr\/wp-json\/wp\/v2\/posts\/384314","targetHints":{"allow":["GET"]}}],"collection":[{"href":"https:\/\/www.europesays.com\/fr\/wp-json\/wp\/v2\/posts"}],"about":[{"href":"https:\/\/www.europesays.com\/fr\/wp-json\/wp\/v2\/types\/post"}],"author":[{"embeddable":true,"href":"https:\/\/www.europesays.com\/fr\/wp-json\/wp\/v2\/users\/2"}],"replies":[{"embeddable":true,"href":"https:\/\/www.europesays.com\/fr\/wp-json\/wp\/v2\/comments?post=384314"}],"version-history":[{"count":0,"href":"https:\/\/www.europesays.com\/fr\/wp-json\/wp\/v2\/posts\/384314\/revisions"}],"wp:featuredmedia":[{"embeddable":true,"href":"https:\/\/www.europesays.com\/fr\/wp-json\/wp\/v2\/media\/384315"}],"wp:attachment":[{"href":"https:\/\/www.europesays.com\/fr\/wp-json\/wp\/v2\/media?parent=384314"}],"wp:term":[{"taxonomy":"category","embeddable":true,"href":"https:\/\/www.europesays.com\/fr\/wp-json\/wp\/v2\/categories?post=384314"},{"taxonomy":"post_tag","embeddable":true,"href":"https:\/\/www.europesays.com\/fr\/wp-json\/wp\/v2\/tags?post=384314"}],"curies":[{"name":"wp","href":"https:\/\/api.w.org\/{rel}","templated":true}]}}